{"id":282,"date":"2026-08-31T13:54:04","date_gmt":"2026-08-31T11:54:04","guid":{"rendered":"https:\/\/bucheditionen.de\/privilegierte-klasse\/2026\/08\/31\/denkanstoss-31-08-2026\/"},"modified":"2026-08-31T13:54:05","modified_gmt":"2026-08-31T11:54:05","slug":"denkanstoss-31-08-2026","status":"publish","type":"post","link":"https:\/\/bucheditionen.de\/privilegierte-klasse\/2026\/08\/31\/denkanstoss-31-08-2026\/","title":{"rendered":"Die Spielregeln des Status: Warum der Schein mehr z\u00e4hlt als der Erfolg!"},"content":{"rendered":"<p>Das Thema sozialer Status durchdringt unsere Gesellschaften in all ihren Facetten und er\u00f6ffnet einen Raum f\u00fcr tiefgreifende Reflexionen, gerade wenn man Thorstein Veblens \u201eDie Theorie der privilegierten Klasse\u201c zugrunde legt. Veblen zeigt auf eindrucksvolle Weise, wie soziale Hierarchien keineswegs zuf\u00e4llig oder rein wirtschaftlich begr\u00fcndet sind, sondern tief in historischen, kulturellen und psychologischen Mechanismen verwurzelt. Die zentrale Einsicht, dass Status und Ansehen oft weniger durch eigene Leistung oder objektive Bed\u00fcrfnisse bestimmt werden, sondern vor allem durch symbolisches Verhalten, l\u00e4dt dazu ein, unser eigenes Verh\u00e4ltnis zu sozialer Anerkennung zu hinterfragen.<\/p>\n<p>Wenn man \u00fcber sozialen Status nachdenkt, wird deutlich, wie sehr dieser auf einem kulturellen Konstrukt basiert, das T\u00e4tigkeiten, Besitz und Verhalten unterschiedlich bewertet. Veblen macht klar, dass die privilegierte Klasse ihre \u00dcberlegenheit nicht zuletzt dadurch demonstriert, dass sie sich von produktiver Arbeit fernh\u00e4lt und stattdessen in Bereichen wirkt, die als ehrenhaft gelten \u2013 wie Krieg, Religion oder Politik. Dieses Verhalten offenbart eine tief verankerte Logik, bei der nicht die T\u00e4tigkeit selbst z\u00e4hlt, sondern ihre symbolische Bedeutung im sozialen Gef\u00fcge. Das impliziert eine Spannung zwischen tats\u00e4chlicher Produktivit\u00e4t und gesellschaftlicher Wertsch\u00e4tzung, die bis heute nachwirkt und viele soziale Dynamiken pr\u00e4gt.<\/p>\n<p>Besonders aufschlussreich ist die Vorstellung der \u201epekuni\u00e4ren Emulation\u201c, das hei\u00dft der stete Wettstreit um Reichtum und damit verbundenen Status. Diese Idee macht erkennbar, wie gesellschaftlicher Aufstieg oder Abstieg selten allein von objektivem Erfolg abh\u00e4ngen, sondern vielmehr von der Wahrnehmung durch andere. Die st\u00e4ndige Anpassung des Lebensstandards an die Vorbilder der h\u00f6heren Klassen f\u00fchrt zu einem nie endenden Kreislauf des Wettbewerbs um Statussymbole \u2013 sei es das Auto, Kleidung, Freizeitgestaltung oder Bildungsgrad. Hier wird das Bewusstsein gesch\u00e4rft, dass materieller \u00dcberfluss nicht nur ein Mittel zur Bed\u00fcrfnisbefriedigung ist, sondern vor allem ein Kommunikationsmittel und Machtinstrument.<\/p>\n<p>Durch die Analyse des auff\u00e4lligen Konsums und der auff\u00e4lligen Freizeit wird zudem ein Schattenaspekt unserer Gesellschaft sichtbar: Die Demonstration von Nicht-Arbeit als Zeichen von \u00dcberlegenheit illustriert, wie soziale Distinktion auch auf der Inszenierung von Mu\u00dfe beruht. Dies verschiebt die Bedeutung von Arbeit und Freizeit und fordert die Gerechtigkeitsvorstellungen heraus: Warum ist es gesellschaftlich akzeptiert, wenn gewisse Gruppen sich durch die Abwesenheit von Arbeit hervorheben, w\u00e4hrend andere f\u00fcr genau dieselben Aufgaben kaum Anerkennung erfahren? Veblens \u00dcberlegungen animieren dazu, das eigene Verh\u00e4ltnis zum Wert beruflicher T\u00e4tigkeit kritisch zu beleuchten und die soziale Funktion von Arbeit jenseits von \u00f6konomischem Nutzen zu verstehen.<\/p>\n<p>Dar\u00fcber hinaus sensibilisiert die Betrachtung der Rolle von Eigentum und Besitz als Statuszeichen daf\u00fcr, wie tief soziale Differenzierung in wirtschaftlichen Verh\u00e4ltnissen eingebettet ist. Eigentum wird nicht nur zur Absicherung materieller Bed\u00fcrfnisse genutzt, sondern ma\u00dfgeblich als Symbol sozialer \u00dcberlegenheit. Dabei ist der Besitz von Reichtum selbst oft ein Selbstzweck innerhalb einer sozialen Dopplung: Er sichert materielle M\u00f6glichkeiten, zugleich aber auch das Recht, sich \u00fcber andere zu erheben und sich als Teil einer privilegierten Gruppe zu inszenieren. Dieses Verst\u00e4ndnis wirft Fragen nach der Legitimit\u00e4t solcher Strukturen auf und regt zum Nachdenken \u00fcber alternative Formen des Zusammenlebens an, in denen Anerkennung nicht durch Besitz, sondern durch gemeinschaftliche Werte gepr\u00e4gt ist.<\/p>\n<p>Nicht zuletzt stellt Veblens Werk die Annahme in Frage, dass wirtschaftliches Handeln rational und durch Bed\u00fcrfniserf\u00fcllung bestimmt ist. Indem er den sozialen Wettbewerb als zentralen Motor herausstellt, wird deutlich, wie sehr unsere Entscheidungen und Pr\u00e4ferenzen von gesellschaftlichen Erwartungen geformt werden. Dies f\u00f6rdert ein Bewusstsein daf\u00fcr, wie sehr wir selbst in diese Dynamiken eingebunden sind und wie schwer es ist, sich ihnen zu entziehen. Es entsteht der Eindruck, dass soziale Normen und kulturelle Muster wie unsichtbare F\u00e4den unser Verhalten lenken und unser Selbstbild sowie den Umgang mit anderen beeinflussen.<\/p>\n<p>Die Reflexion \u00fcber sozialen Status, angeregt durch Veblens Analyse, ber\u00fchrt damit die Grundfragen menschlicher Gesellschaften: Wie definieren wir Wert und W\u00fcrde? Wie legitimieren wir Ungleichheiten und hierarchische Ordnungen? Und welche Rolle spielt das Streben nach Anerkennung in unserem individuellen Leben? Es scheint, als ob Status mehr ist als \u00e4u\u00dferes Rangzeichen \u2013 er ist Ausdruck unserer tiefsten sozialen Bed\u00fcrfnisse nach Zugeh\u00f6rigkeit, Respekt und Identit\u00e4t. Gleichzeitig \u00f6ffnet die kritisch-historische Perspektive einen Raum f\u00fcr neue Vorstellungen von Gleichheit und Solidarit\u00e4t, die sich jenseits von Besitz und Prestige entfalten k\u00f6nnten. Diese Einsichten fordern dazu heraus, nicht nur die soziale Welt zu analysieren, sondern auch das eigene Handeln und die Gesellschaft von morgen bewusst zu gestalten.<\/p>\n","protected":false},"excerpt":{"rendered":"<p>Das Thema sozialer Status durchdringt unsere Gesellschaften in all ihren Facetten und er\u00f6ffnet einen Raum f\u00fcr tiefgreifende Reflexionen, gerade wenn man Thorstein Veblens \u201eDie Theorie der privilegierten Klasse\u201c zugrunde legt. Veblen zeigt auf eindrucksvolle Weise, wie soziale Hierarchien keineswegs zuf\u00e4llig oder rein wirtschaftlich begr\u00fcndet sind, sondern tief in historischen, kulturellen und psychologischen Mechanismen verwurzelt. Die&hellip;<\/p>\n<p><a class=\"more-link\" href=\"https:\/\/bucheditionen.de\/privilegierte-klasse\/2026\/08\/31\/denkanstoss-31-08-2026\/\">Read More<\/a><\/p>\n","protected":false},"author":0,"featured_media":131,"comment_status":"closed","ping_status":"","sticky":false,"template":"","format":"standard","meta":{"footnotes":""},"categories":[9],"tags":[23,31,14,16,22,13,39],"class_list":["post-282","post","type-post","status-publish","format-standard","has-post-thumbnail","hentry","category-denkanstoss","tag-eigentum","tag-kleidung","tag-krieg","tag-macht","tag-produktivitaet","tag-religion","tag-sozialer-status"],"_links":{"self":[{"href":"https:\/\/bucheditionen.de\/privilegierte-klasse\/wp-json\/wp\/v2\/posts\/282","targetHints":{"allow":["GET"]}}],"collection":[{"href":"https:\/\/bucheditionen.de\/privilegierte-klasse\/wp-json\/wp\/v2\/posts"}],"about":[{"href":"https:\/\/bucheditionen.de\/privilegierte-klasse\/wp-json\/wp\/v2\/types\/post"}],"replies":[{"embeddable":true,"href":"https:\/\/bucheditionen.de\/privilegierte-klasse\/wp-json\/wp\/v2\/comments?post=282"}],"version-history":[{"count":1,"href":"https:\/\/bucheditionen.de\/privilegierte-klasse\/wp-json\/wp\/v2\/posts\/282\/revisions"}],"predecessor-version":[{"id":283,"href":"https:\/\/bucheditionen.de\/privilegierte-klasse\/wp-json\/wp\/v2\/posts\/282\/revisions\/283"}],"wp:featuredmedia":[{"embeddable":true,"href":"https:\/\/bucheditionen.de\/privilegierte-klasse\/wp-json\/wp\/v2\/media\/131"}],"wp:attachment":[{"href":"https:\/\/bucheditionen.de\/privilegierte-klasse\/wp-json\/wp\/v2\/media?parent=282"}],"wp:term":[{"taxonomy":"category","embeddable":true,"href":"https:\/\/bucheditionen.de\/privilegierte-klasse\/wp-json\/wp\/v2\/categories?post=282"},{"taxonomy":"post_tag","embeddable":true,"href":"https:\/\/bucheditionen.de\/privilegierte-klasse\/wp-json\/wp\/v2\/tags?post=282"}],"curies":[{"name":"wp","href":"https:\/\/api.w.org\/{rel}","templated":true}]}}