{"id":280,"date":"2026-08-30T22:00:21","date_gmt":"2026-08-30T20:00:21","guid":{"rendered":"https:\/\/bucheditionen.de\/privilegierte-klasse\/2026\/08\/30\/anekdote-30-08-2026\/"},"modified":"2026-08-30T22:00:22","modified_gmt":"2026-08-30T20:00:22","slug":"anekdote-30-08-2026","status":"publish","type":"post","link":"https:\/\/bucheditionen.de\/privilegierte-klasse\/2026\/08\/30\/anekdote-30-08-2026\/","title":{"rendered":"Motivation: Der soziale Druck hinter dem Wunsch nach Erfolg \u2013 ist es wirklich dein Antrieb oder der von anderen?"},"content":{"rendered":"<p>An einem sonnigen Samstagnachmittag sa\u00df Anna gem\u00fctlich in ihrem Lieblingscaf\u00e9, ein Buch von Thorstein Veblen in der Hand, als pl\u00f6tzlich zwei Teenager an ihrem Tisch vorbeigingen und laut dar\u00fcber diskutierten, warum ihre Eltern immer so sehr auf gutes Benehmen und motivierte Leistungen pochten. \u201eWei\u00dft du\u201c, sagte der eine, \u201eMotivation ist doch nur, wenn du etwas wirklich willst, oder? Aber manchmal frage ich mich, ob wir nicht einfach von au\u00dfen dazu gedr\u00e4ngt werden.\u201c Anna schmunzelte, denn das Thema \u201eMotivation\u201c war gerade auch im Kapitel ihres Buches ein zentrales Thema.<\/p>\n<p>Veblens Analyse beschreibt Motivation nicht nur als ein individuelles inneres Verlangen, sondern vor allem als ein Produkt sozialer Erwartungen und kultureller Normen. Diese Erkenntnis wirkte auf Anna erhellend: Motivation ist h\u00e4ufig weniger ein spontanes Bed\u00fcrfnis, etwas zu erreichen, sondern vielmehr eine Reaktion auf den Druck, sich gesellschaftlichen Standards anzupassen oder sich gegen\u00fcber anderen zu behaupten. In Veblens Sicht entstehen Antriebskr\u00e4fte, die Menschen dazu bringen, ihr Verhalten so zu gestalten, dass es sozialen Status, Anerkennung oder Zugeh\u00f6rigkeit sichert.<\/p>\n<p>Als Anna weiterlas, wurde klar, wie tief Motivation in die Strukturen sozialen Wettbewerbs eingebettet ist. In der von Veblen beschriebenen privilegierten Klasse wird Motivation oft als ein Mittel verstanden, um sich vom Arbeitermilieu abzugrenzen. Die genaue Unterscheidung zwischen produktiver Arbeit und prestigetr\u00e4chtigen T\u00e4tigkeiten schafft eine Kultur der Auff\u00e4lligkeit \u2013 die Auff\u00e4llige Freizeit oder der Auff\u00e4llige Konsum sind Ausdruck motivierter Distinktion. Hier zeigt sich, dass Motivation nicht allein der Selbstverwirklichung dient, sondern vor allem der Demonstration von sozialem Rang und \u00dcberlegenheit. Die Menschen sind in ihrer Motivation stark gepr\u00e4gt vom \u201eStreben nach dem Geld\u201c \u2013 der pekuni\u00e4ren Emulation \u2013, bei der es gar nicht um den reinen Nutzen geht, sondern um die soziale Wirkung und Wahrnehmung ihres Handelns.<\/p>\n<p>In ihrem R\u00fcckblick erinnerte sich Anna an das letzte Familientreffen, bei dem ihr Onkel stolz von seinem neuen Luxuswagen erz\u00e4hlt hatte. \u201eMotiviert\u201c sei er, erkl\u00e4rte er, diesen Wagen zu besitzen \u2013 nicht unbedingt, weil er ihn brauchte, sondern weil der Besitz ein sichtbares Statement seiner gesellschaftlichen Stellung sei. Anna erkannte, dass Motivation in solchen F\u00e4llen weniger ein innerer Antrieb als ein sozialer Imperativ ist. Der Wunsch nach Anerkennung und das Bed\u00fcrfnis, sich in einer sozialen Hierarchie zu behaupten, erzeugen eine Motivation, die weit \u00fcber individuelle Interessen hinausgeht.<\/p>\n<p>Thorstein Veblens Werk zeigte Anna au\u00dferdem, dass diese Art von Motivation tief historisch verankert ist. Schon in alten Gesellschaften war das \u201eNicht-Arbeiten\u201c und der Besitz von Eigentum ein Zeichen besonderer Stellung. Die privilegierte Klasse war motiviert, durch symbolische Handlungen, sei es durch kriegerischen Ruhm, religi\u00f6se Rolle oder auff\u00e4lligen Konsum, ihren Status zu sichern und auszubauen. Motivation ist somit nicht nur ein psychologisches Ph\u00e4nomen, sondern eng mit kulturellen Mustern und gesellschaftlicher Konstruktion verbunden.<\/p>\n<p>W\u00e4hrend Anna \u00fcberlegte, wie diese Erkenntnisse ihren eigenen Alltag durchdringen, fiel ihr ein, wie oft auch sie selbst durch Motive geleitet wird, die weniger mit eigenem Interesse zu tun haben, sondern mit dem Wunsch, anderen etwas zu beweisen \u2013 sei es im Beruf, im sozialen Umfeld oder sogar im Umgang mit Freunden. Motivation wird so zu einem komplizierten Geflecht aus innerem Antrieb und \u00e4u\u00dferem Druck, das den Menschen st\u00e4ndig formt und treibt.<\/p>\n<p>Die Lekt\u00fcre von \u201eDie Theorie der privilegierten Klasse\u201c \u00f6ffnete Anna die Augen f\u00fcr die vielschichtigen Ursachen von Motivation. Es ist nicht allein der Wunsch, ein Ziel zu erreichen, der antreibt, sondern die tiefsitzende Dynamik sozialer Vergleiche, Statuswahrung und kultureller Erwartungen, die in jeder Handlung mitschwingen und unser Verhalten auf subtilste Weise bestimmen. Mit dieser Einsicht verstand Anna den scheinbar banalen Begriff \u201eMotivation\u201c nun als komplexen und vielfach verschleierten sozialen Mechanismus \u2013 ein Spiegel dessen, wie wir Menschen in der Gesellschaft miteinander verbunden und gleichzeitig voneinander abgegrenzt sind.<\/p>\n","protected":false},"excerpt":{"rendered":"<p>An einem sonnigen Samstagnachmittag sa\u00df Anna gem\u00fctlich in ihrem Lieblingscaf\u00e9, ein Buch von Thorstein Veblen in der Hand, als pl\u00f6tzlich zwei Teenager an ihrem Tisch vorbeigingen und laut dar\u00fcber diskutierten, warum ihre Eltern immer so sehr auf gutes Benehmen und motivierte Leistungen pochten. \u201eWei\u00dft du\u201c, sagte der eine, \u201eMotivation ist doch nur, wenn du etwas&hellip;<\/p>\n<p><a class=\"more-link\" href=\"https:\/\/bucheditionen.de\/privilegierte-klasse\/2026\/08\/30\/anekdote-30-08-2026\/\">Read More<\/a><\/p>\n","protected":false},"author":0,"featured_media":126,"comment_status":"closed","ping_status":"","sticky":false,"template":"","format":"standard","meta":{"footnotes":""},"categories":[5],"tags":[11,23,26,38],"class_list":["post-280","post","type-post","status-publish","format-standard","has-post-thumbnail","hentry","category-anekdote","tag-beduerfnis","tag-eigentum","tag-kultur","tag-motivation"],"_links":{"self":[{"href":"https:\/\/bucheditionen.de\/privilegierte-klasse\/wp-json\/wp\/v2\/posts\/280","targetHints":{"allow":["GET"]}}],"collection":[{"href":"https:\/\/bucheditionen.de\/privilegierte-klasse\/wp-json\/wp\/v2\/posts"}],"about":[{"href":"https:\/\/bucheditionen.de\/privilegierte-klasse\/wp-json\/wp\/v2\/types\/post"}],"replies":[{"embeddable":true,"href":"https:\/\/bucheditionen.de\/privilegierte-klasse\/wp-json\/wp\/v2\/comments?post=280"}],"version-history":[{"count":1,"href":"https:\/\/bucheditionen.de\/privilegierte-klasse\/wp-json\/wp\/v2\/posts\/280\/revisions"}],"predecessor-version":[{"id":281,"href":"https:\/\/bucheditionen.de\/privilegierte-klasse\/wp-json\/wp\/v2\/posts\/280\/revisions\/281"}],"wp:featuredmedia":[{"embeddable":true,"href":"https:\/\/bucheditionen.de\/privilegierte-klasse\/wp-json\/wp\/v2\/media\/126"}],"wp:attachment":[{"href":"https:\/\/bucheditionen.de\/privilegierte-klasse\/wp-json\/wp\/v2\/media?parent=280"}],"wp:term":[{"taxonomy":"category","embeddable":true,"href":"https:\/\/bucheditionen.de\/privilegierte-klasse\/wp-json\/wp\/v2\/categories?post=280"},{"taxonomy":"post_tag","embeddable":true,"href":"https:\/\/bucheditionen.de\/privilegierte-klasse\/wp-json\/wp\/v2\/tags?post=280"}],"curies":[{"name":"wp","href":"https:\/\/api.w.org\/{rel}","templated":true}]}}