{"id":278,"date":"2026-08-25T12:01:36","date_gmt":"2026-08-25T10:01:36","guid":{"rendered":"https:\/\/bucheditionen.de\/privilegierte-klasse\/2026\/08\/25\/anekdote-25-08-2026\/"},"modified":"2026-08-25T12:01:37","modified_gmt":"2026-08-25T10:01:37","slug":"anekdote-25-08-2026","status":"publish","type":"post","link":"https:\/\/bucheditionen.de\/privilegierte-klasse\/2026\/08\/25\/anekdote-25-08-2026\/","title":{"rendered":"Anz\u00fcge mit Geschichte: Wie Mode uns sozialen Status auf die Schaufel nimmt!"},"content":{"rendered":"<p>An einem milden Samstagnachmittag schlenderte ich durch die belebte Einkaufsstra\u00dfe der Stadt, als mein Blick unwillk\u00fcrlich an einem Schaufenster h\u00e4ngen blieb. Dort war eine Schaufensterpuppe zu sehen, gekleidet in ein Ma\u00dfanzugensemble aus feinster Wolle, kombiniert mit einer Seidenkrawatte und makellos polierten Lederschuhen. Es war deutlich mehr als nur Kleidung \u2013 es war ein Statement, ein sichtbares Zeichen von Status und gesellschaftlicher Position. Ein \u00e4lterer Herr, elegant gekleidet, stand vor dem Schaufenster und lie\u00df seinen Blick lange und bewundernd \u00fcber das Arrangement gleiten. Ich h\u00f6rte ihn leise murmeln: \u201eSolche Anz\u00fcge sind nicht einfach Kleidung, sie erz\u00e4hlen eine Geschichte \u2013 davon, dass man von der Arbeit freigestellt ist, dass man anderen \u00fcberlegen ist.\u201c <\/p>\n<p>Diese Szene erinnerte mich an die tiefgr\u00fcndige Analyse von Thorstein Veblen \u00fcber die soziale Funktion von Luxus und Status in unserer Gesellschaft. Veblens Werk \u201eDie Theorie der privilegierten Klasse\u201c zeigt eindr\u00fccklich auf, wie scheinbar nebens\u00e4chliche Dinge wie Kleidung, Freizeit oder Konsum mehr sind als blo\u00dfe Dinge, n\u00e4mlich vielmehr Symbole gesellschaftlicher Rangordnung. Das von mir beobachtete Verhalten des \u00e4lteren Herrn verdeutlicht den Kern von Veblens Konzept des \u201eauff\u00e4lligen Konsums\u201c: Luxusg\u00fcter werden nicht ausgew\u00e4hlt, weil sie einen praktischen Nutzen besitzen, sondern weil sie \u00f6ffentlich zur Schau stellen, dass der Tr\u00e4ger es sich leisten kann, sich von produktiver Arbeit fernzuhalten und finanzielle Ressourcen im \u00dcberfluss besitzt.<\/p>\n<p>In Veblens fr\u00fcheren Gesellschaften, so erkl\u00e4rt er, entstand die privilegierte Klasse genau durch die bewusste Abwendung von produktiver T\u00e4tigkeit. W\u00e4hrend die unteren Schichten k\u00f6rperliche Arbeit verrichten mussten, konnten sich privilegierte Gruppen dem Krieg, der Politik oder repr\u00e4sentativen Funktionen widmen. Dieses Ph\u00e4nomen ist nach Veblen mehr als nur wirtschaftliche Ungleichheit; es ist eine kulturelle Codierung, die sich tief in die Denkgewohnheiten und sozialen Interaktionen eingeschrieben hat. Der Fokus liegt dabei nicht nur auf dem Besitz an sich, sondern auf dessen sichtbarer Demonstration: Wer beispielsweise auff\u00e4llig Freizeit verbringt und damit anzeigt, dass er nicht arbeiten muss (\u201econspicuous leisure\u201c), sichert sich gesellschaftliche Anerkennung.<\/p>\n<p>Der \u00e4ltere Herr am Schaufenster hatte genau dies intuitiv vor Augen. Der feine Anzug, die teure Krawatte oder die zeitlosen Schuhe signalisieren weniger modischen Geschmack, sondern symbolisieren Zugeh\u00f6rigkeit zur privilegierten Klasse, die sich nicht den M\u00fchen der Industriearbeit unterwerfen muss. Die Kleidung dient als eine Art Visitenkarte \u2013 eine stille, aber eindr\u00fcckliche Verk\u00fcndung des sozialen Ranges. So wie in archaischen Gesellschaften fr\u00fcher der Besitz an Frauen oder Gefangenen als Troph\u00e4e und Symbol von Macht galt, so funktioniert heute das Privateigentum an Waren, Mode und materiellen G\u00fctern als Herausforderung gegen\u00fcber der Allgemeinheit.<\/p>\n<p>Doch Veblen geht noch weiter: Er beschreibt in seinem Buch, wie diese Mechanismen des Statusdenkens nicht nur durch wirtschaftliche Bedeutung gepr\u00e4gt werden, sondern auch tief in gesellschaftlichen Normen und kulturellen Bewertungen verankert sind. Die Unterscheidung zwischen produktiver (industrieller) Arbeit und \u201eehrenhaften\u201c T\u00e4tigkeiten ist kein Zufall, sondern ein kulturelles Erbe, das bis in unsere Gegenwart hinein wirkt. Es gibt eine fortdauernde Hierarchie, in der M\u00fche und Schwei\u00df auf der einen Seite abgewertet werden, w\u00e4hrend Freizeit, Macht und Repr\u00e4sentation auf der anderen Seite sozial aufgewertet sind.<\/p>\n<p>So entstehen auch im modernen Kontext Ph\u00e4nomene der \u201epekuni\u00e4ren Emulation\u201c \u2013 der Konkurrenz um finanzielle Mittel, nicht prim\u00e4r um Nutzen, sondern um sozialen Status und Anerkennung. Menschen erh\u00f6hen ihren Lebensstandard also nicht nur, weil sie Bed\u00fcrfnisse befriedigen wollen, sondern um sich gegen\u00fcber anderen abzugrenzen. Die Modetrends, die Arten von Autos oder das Zubeh\u00f6r, das wir tragen, werden so zu sozialen Indikatoren, die der Definition und Festigung von Klassen dienen. Die bewusste Wahl eines exklusiven Produkts ist eine Kommunikation, die sagt: \u201eIch geh\u00f6re zu einer h\u00f6heren gesellschaftlichen Schicht, ich habe die Ressourcen, mit anderen mitzuhalten oder sie zu \u00fcbertreffen.\u201c<\/p>\n<p>Diese dauerhafte und tief verwurzelte Praxis, von der Veblen spricht, beleuchtet auch die konservative Haltung der privilegierten Klassen gegen\u00fcber sozialen Ver\u00e4nderungen. Wer von bestehenden Strukturen profitiert, hat wenig Interesse an deren Aufl\u00f6sung oder grundlegender Umgestaltung. So bleibt eine soziale Ordnung bestehen, die auf symbolischer Unterscheidung und ritualisiertem Konsum beruht \u2013 leider oft zulasten der gesellschaftlichen Chancengleichheit.<\/p>\n<p>In meiner Beobachtung am Schaufenster manifestiert sich dieses komplexe Geflecht aus \u00f6konomischen, kulturellen und psychologischen Mechanismen in einer allt\u00e4glichen Situation. Was dort stattfand, war nicht nur ein Shoppingbummel, sondern eine stille Demonstration privilegierter Position durch Kleidung und Erscheinung \u2013 eine Szene, die Veblens Theorien greifbar und eindringlich macht. So zeigt sich, dass Luxus in seiner gesellschaftlichen Dimension weit \u00fcber materielle Werte hinausgeht und ein lebendiges Spiegelbild historischer und sozialer Prozesse ist, die unsere Gesellschaft bis heute pr\u00e4gen.<\/p>\n","protected":false},"excerpt":{"rendered":"<p>An einem milden Samstagnachmittag schlenderte ich durch die belebte Einkaufsstra\u00dfe der Stadt, als mein Blick unwillk\u00fcrlich an einem Schaufenster h\u00e4ngen blieb. Dort war eine Schaufensterpuppe zu sehen, gekleidet in ein Ma\u00dfanzugensemble aus feinster Wolle, kombiniert mit einer Seidenkrawatte und makellos polierten Lederschuhen. Es war deutlich mehr als nur Kleidung \u2013 es war ein Statement, ein&hellip;<\/p>\n<p><a class=\"more-link\" href=\"https:\/\/bucheditionen.de\/privilegierte-klasse\/2026\/08\/25\/anekdote-25-08-2026\/\">Read More<\/a><\/p>\n","protected":false},"author":0,"featured_media":52,"comment_status":"closed","ping_status":"","sticky":false,"template":"","format":"standard","meta":{"footnotes":""},"categories":[5],"tags":[31,14,37,16,19,30],"class_list":["post-278","post","type-post","status-publish","format-standard","has-post-thumbnail","hentry","category-anekdote","tag-kleidung","tag-krieg","tag-luxus","tag-macht","tag-privateigentum","tag-ungleichheit"],"_links":{"self":[{"href":"https:\/\/bucheditionen.de\/privilegierte-klasse\/wp-json\/wp\/v2\/posts\/278","targetHints":{"allow":["GET"]}}],"collection":[{"href":"https:\/\/bucheditionen.de\/privilegierte-klasse\/wp-json\/wp\/v2\/posts"}],"about":[{"href":"https:\/\/bucheditionen.de\/privilegierte-klasse\/wp-json\/wp\/v2\/types\/post"}],"replies":[{"embeddable":true,"href":"https:\/\/bucheditionen.de\/privilegierte-klasse\/wp-json\/wp\/v2\/comments?post=278"}],"version-history":[{"count":1,"href":"https:\/\/bucheditionen.de\/privilegierte-klasse\/wp-json\/wp\/v2\/posts\/278\/revisions"}],"predecessor-version":[{"id":279,"href":"https:\/\/bucheditionen.de\/privilegierte-klasse\/wp-json\/wp\/v2\/posts\/278\/revisions\/279"}],"wp:featuredmedia":[{"embeddable":true,"href":"https:\/\/bucheditionen.de\/privilegierte-klasse\/wp-json\/wp\/v2\/media\/52"}],"wp:attachment":[{"href":"https:\/\/bucheditionen.de\/privilegierte-klasse\/wp-json\/wp\/v2\/media?parent=278"}],"wp:term":[{"taxonomy":"category","embeddable":true,"href":"https:\/\/bucheditionen.de\/privilegierte-klasse\/wp-json\/wp\/v2\/categories?post=278"},{"taxonomy":"post_tag","embeddable":true,"href":"https:\/\/bucheditionen.de\/privilegierte-klasse\/wp-json\/wp\/v2\/tags?post=278"}],"curies":[{"name":"wp","href":"https:\/\/api.w.org\/{rel}","templated":true}]}}