{"id":276,"date":"2026-08-20T18:33:47","date_gmt":"2026-08-20T16:33:47","guid":{"rendered":"https:\/\/bucheditionen.de\/privilegierte-klasse\/2026\/08\/20\/denkanstoss-20-08-2026\/"},"modified":"2026-08-20T18:33:48","modified_gmt":"2026-08-20T16:33:48","slug":"denkanstoss-20-08-2026","status":"publish","type":"post","link":"https:\/\/bucheditionen.de\/privilegierte-klasse\/2026\/08\/20\/denkanstoss-20-08-2026\/","title":{"rendered":"Akkumulation: Mehr als nur Reichtum \u2013 Wie Besitz zum Statussymbol und Machtspiel wird!"},"content":{"rendered":"<p>Das Stichwort \u201eAkkumulation\u201c f\u00fchrt uns in eine faszinierende, wenn auch oft untersch\u00e4tzte Dimension der gesellschaftlichen Dynamik, die Thorstein Veblen in seinem Werk \u201eDie Theorie der privilegierten Klasse\u201c eindringlich beleuchtet. Akkumulation, verstanden als das Anh\u00e4ufen von Eigentum, Reichtum und sozialen Privilegien, ist in Veblens Analyse keine rein \u00f6konomische Kategorie, sondern eng verwoben mit kulturellen, psychologischen und sozialen Mechanismen, die weit \u00fcber die blo\u00dfe Ansammlung materieller G\u00fcter hinausgehen.<\/p>\n<p>Veblen zeigt, dass Akkumulation in der historischen Entwicklung der Gesellschaften stets eine doppelte Funktion erf\u00fcllte: Einerseits diente sie der Sicherung und Vermehrung materieller Ressourcen, andererseits wurde sie zum symbolischen Ausdruck von Macht und Status. In fr\u00fchen, sogenannten \u201ebarbarischen\u201c Gesellschaftsstufen, wo die privilegierte Klasse erstmals sichtbar wird, wurde Eigentum vor allem durch direkte Aneignung, etwa durch Krieg, Beute oder den Besitz von Menschen, definiert. Dieses Eigentum war weniger Mittel zur wirtschaftlichen Produktion als vielmehr Beweis f\u00fcr \u00dcberlegenheit gegen\u00fcber anderen \u2013 eine Troph\u00e4e, die den sozialen Rang ihres Besitzers sichtbar machte.<\/p>\n<p>Daraus ergibt sich ein tiefer Sinn f\u00fcr die Akkumulation: Sie ist kein neutraler, rein rationaler Prozess, der nur der Bed\u00fcrfnisbefriedigung dient, sondern vielmehr ein soziales Ph\u00e4nomen, das durch Konkurrenz und emulative Prozesse angetrieben wird. Der Mensch sammelt Besitz nicht unbedingt, weil er ihn zum \u00dcberleben braucht, sondern um sich von anderen abzugrenzen und seine Position in der sozialen Hierarchie zu manifestieren. Dieses Streben nach Besitz, das Veblen als \u201epekuni\u00e4re Emulation\u201c beschreibt, macht Akkumulation zu einem Akt der Selbstinszenierung, in dem \u00f6konomische Ressourcen zu Symbolen von Ehre und Ansehen werden.<\/p>\n<p>Besonders eindrucksvoll ist Veblens Darstellung, wie sich diese Mechanismen bis in die moderne Industriegesellschaft hinein erhalten und transformieren. Auch heute noch pr\u00e4gen kulturelle Wertungen, welche T\u00e4tigkeiten als \u201ew\u00fcrdig\u201c und welche als \u201eniedrig\u201c gelten, die Art und Weise, wie Menschen ihren Besitz anh\u00e4ufen und zeigen. Die privilegierte Klasse demonstriert ihren Status nicht nur durch das Beherrschen von Produktionsmitteln, sondern vor allem durch den sichtbaren Verzicht auf produktive Arbeit \u2013 eine Auff\u00e4lligkeit, die in Form von \u201eauff\u00e4lliger Freizeit\u201c und \u201eauff\u00e4lligem Konsum\u201c Ausdruck findet. Reichtum und Besitz sind also nicht nur funktionale Mittel, sondern vielmehr Zeichen einer gesellschaftlichen Inszenierung, die Akkumulation zu einem elementaren Bestandteil sozialer Ordnung und kultureller Identit\u00e4t macht.<\/p>\n<p>Diese Betrachtung l\u00e4dt zur Reflexion \u00fcber unsere heutige Gesellschaft ein: Wie sehr sind unsere Lebensweisen, Konsumgewohnheiten und auch unser Selbstverst\u00e4ndnis durch tiefe, oft unbewusste kulturelle Muster gepr\u00e4gt, die \u00fcber Generationen weitergegeben wurden? Die Akkumulation von Reichtum erscheint dann weniger als Ausdruck rationaler \u00d6konomie und vielmehr als Fortf\u00fchrung einer inszenierten Sozialstruktur, die auf der Trennung von Arbeit und Nicht-Arbeit, von \u201ew\u00fcrdiger\u201c und \u201eunw\u00fcrdiger\u201c T\u00e4tigkeit beruht. Der Wunsch, Besitz zu zeigen, will verstanden sein als Bed\u00fcrfnis nach Zugeh\u00f6rigkeit und \u00dcberlegenheit, das in einem st\u00e4ndigen sozialen Vergleich entsteht \u2013 ein Modell, das auch heute noch die wirtschaftlichen Verhaltensweisen ma\u00dfgeblich bestimmt.<\/p>\n<p>Nicht zuletzt wirft Veblens Analyse die Frage auf, wie entwicklungs- und gesellschaftspolitische Ans\u00e4tze gestaltet werden m\u00fcssten, um diese tief verwurzelten Dynamiken zu durchbrechen oder zumindest zu hinterfragen. Akkumulation wird dort zu einem kritischen Schl\u00fcssel: Sie offenbart, dass wirtschaftlicher Wohlstand und soziale Gerechtigkeit nicht allein durch Verteilung materieller G\u00fcter erreicht werden k\u00f6nnen, sondern auch durch kultursensible Reflexion \u00fcber die Werte und Mechanismen, die Besitz und Status legitimieren. Erst wenn Akkumulation nicht mehr prim\u00e4r als Symbol f\u00fcr Macht und \u00dcberlegenheit funktioniert, sondern als Mittel zur F\u00f6rderung eines gemeinschaftlichen Wohlergehens verstanden wird, kann ein tiefgreifender Wandel gelingen.<\/p>\n<p>So betrachtet steht das Stichwort \u201eAkkumulation\u201c im Zentrum einer komplexen Wechselwirkung aus Geschichte, Kultur und \u00d6konomie. Veblens Werk \u00f6ffnet den Blick daf\u00fcr, wie tief verwurzelt und vielschichtig dieses Ph\u00e4nomen ist und wie es unaufh\u00f6rlich unser Denken und Handeln pr\u00e4gt \u2013 oft ohne dass wir uns dessen bewusst sind. Diese Erkenntnis fordert zu einer kritischen Selbstreflexion heraus, die uns einl\u00e4dt, nicht nur den materiellen, sondern vor allem auch den sozialen und symbolischen Gehalt von Akkumulation zu verstehen und zu hinterfragen.<\/p>\n","protected":false},"excerpt":{"rendered":"<p>Das Stichwort \u201eAkkumulation\u201c f\u00fchrt uns in eine faszinierende, wenn auch oft untersch\u00e4tzte Dimension der gesellschaftlichen Dynamik, die Thorstein Veblen in seinem Werk \u201eDie Theorie der privilegierten Klasse\u201c eindringlich beleuchtet. Akkumulation, verstanden als das Anh\u00e4ufen von Eigentum, Reichtum und sozialen Privilegien, ist in Veblens Analyse keine rein \u00f6konomische Kategorie, sondern eng verwoben mit kulturellen, psychologischen und&hellip;<\/p>\n<p><a class=\"more-link\" href=\"https:\/\/bucheditionen.de\/privilegierte-klasse\/2026\/08\/20\/denkanstoss-20-08-2026\/\">Read More<\/a><\/p>\n","protected":false},"author":0,"featured_media":205,"comment_status":"closed","ping_status":"","sticky":false,"template":"","format":"standard","meta":{"footnotes":""},"categories":[9],"tags":[36,11,23,14,26,16,6,12],"class_list":["post-276","post","type-post","status-publish","format-standard","has-post-thumbnail","hentry","category-denkanstoss","tag-akkumulation","tag-beduerfnis","tag-eigentum","tag-krieg","tag-kultur","tag-macht","tag-pekuniaere-emulation","tag-vergleich"],"_links":{"self":[{"href":"https:\/\/bucheditionen.de\/privilegierte-klasse\/wp-json\/wp\/v2\/posts\/276","targetHints":{"allow":["GET"]}}],"collection":[{"href":"https:\/\/bucheditionen.de\/privilegierte-klasse\/wp-json\/wp\/v2\/posts"}],"about":[{"href":"https:\/\/bucheditionen.de\/privilegierte-klasse\/wp-json\/wp\/v2\/types\/post"}],"replies":[{"embeddable":true,"href":"https:\/\/bucheditionen.de\/privilegierte-klasse\/wp-json\/wp\/v2\/comments?post=276"}],"version-history":[{"count":1,"href":"https:\/\/bucheditionen.de\/privilegierte-klasse\/wp-json\/wp\/v2\/posts\/276\/revisions"}],"predecessor-version":[{"id":277,"href":"https:\/\/bucheditionen.de\/privilegierte-klasse\/wp-json\/wp\/v2\/posts\/276\/revisions\/277"}],"wp:featuredmedia":[{"embeddable":true,"href":"https:\/\/bucheditionen.de\/privilegierte-klasse\/wp-json\/wp\/v2\/media\/205"}],"wp:attachment":[{"href":"https:\/\/bucheditionen.de\/privilegierte-klasse\/wp-json\/wp\/v2\/media?parent=276"}],"wp:term":[{"taxonomy":"category","embeddable":true,"href":"https:\/\/bucheditionen.de\/privilegierte-klasse\/wp-json\/wp\/v2\/categories?post=276"},{"taxonomy":"post_tag","embeddable":true,"href":"https:\/\/bucheditionen.de\/privilegierte-klasse\/wp-json\/wp\/v2\/tags?post=276"}],"curies":[{"name":"wp","href":"https:\/\/api.w.org\/{rel}","templated":true}]}}