{"id":274,"date":"2026-08-20T18:33:35","date_gmt":"2026-08-20T16:33:35","guid":{"rendered":"https:\/\/bucheditionen.de\/privilegierte-klasse\/2026\/08\/20\/anekdote-20-08-2026\/"},"modified":"2026-08-20T18:33:36","modified_gmt":"2026-08-20T16:33:36","slug":"anekdote-20-08-2026","status":"publish","type":"post","link":"https:\/\/bucheditionen.de\/privilegierte-klasse\/2026\/08\/20\/anekdote-20-08-2026\/","title":{"rendered":"Aggression und Status: Wie Veblens Theorien im Park die moderne Gesellschaft widerspiegeln!"},"content":{"rendered":"<p>An einem sonnigen Nachmittag sa\u00df Martin im Park auf einer Holzbank, die Beine l\u00e4ssig \u00fcbergeschlagen, ein Buch in der Hand. Die spielenden Kinder, das leise Rauschen der Bl\u00e4tter, all das schuf eine friedliche Kulisse \u2013 doch seine Gedanken wanderten immer wieder zur\u00fcck zu dem, was er soeben gelesen hatte: Thorstein Veblens Analyse der privilegierten Klasse und vor allem zur Rolle von Aggression im gesellschaftlichen Gef\u00fcge.<\/p>\n<p>In diesem Moment bemerkte er, wie ein \u00e4lterer Herr mit einem wuchtigen Spazierstock knapp an ihm vorbeiging, den Blick stolz und selbstbewusst vor sich gerichtet. Martin dachte sofort an Veblens These, dass Aggression nicht nur als rohe Gewalt zu verstehen sei, sondern vielmehr tief in den Verhaltensmustern der privilegierten Klassen verankert ist \u2013 als Inszenierung von Macht und Status, subtil oder offen getragen.<\/p>\n<p>Veblen beschreibt, wie aggressionelle Verhaltensweisen historisch aus Kriegshandlungen und der Konkurrenz um Ressourcen entstanden. Gerade in den \u201ebarbarischen\u201c Gesellschaftsstufen, so liest Martin, war Aggression ein Instrument, um sich hervorzutun, Prestige zu gewinnen und soziale Hierarchien zu festigen. Das zeigt sich nicht nur in kriegerischen Auseinandersetzungen, sondern auch in kulturellen Praktiken wie Ritualen, sportlichen Wettk\u00e4mpfen oder politischem Machtkampf. So wird Aggression mental und symbolisch in das Bild \u201eehrenhafter\u201c T\u00e4tigkeiten eingeschrieben \u2013 ganz im Gegensatz zu industrieller Arbeit, die als minderwertig gilt.<\/p>\n<p>Martin dachte an das Buch, wo Veblen den Zusammenhang zwischen Aggression und dem Streben nach Besitz und Status pr\u00e4zise herausarbeitet. Eigentum ist urspr\u00fcnglich ein Resultat gewaltsamer Aneignung, und der Besitz selbst wird als Ausdruck der \u00dcberlegenheit gegen\u00fcber anderen gesehen. Dieses aggressive Moment im Umgang mit Ressourcen durchdringt auch moderne Formen der sozialen Gestaltung. So f\u00fchrt Veblen aus, dass der Wettbewerb um Reichtum nicht nur ein wirtschaftliches, sondern vor allem ein symbolisches Kr\u00e4ftemessen ist: Die Menschen demonstrieren ihre \u00dcberlegenheit oft durch auff\u00e4lligen Konsum und Freizeitgestaltung, die an sich kaum produktiv und sogar verschwenderisch sind. Das ist f\u00fcr Veblen eine Form der sozio-kulturellen Aggression, mit der die privilegierte Klasse ihre Dominanz sichert und den sozialen Abstand wahrt.<\/p>\n<p>Martin erinnerte sich an eine Situation in einer wichtigen Vorstandssitzung, bei der genau solche spielerischen Machtk\u00e4mpfe stattfanden: Gesten, Worte, sogar Kleidung wurden benutzt, um subtil deutlich zu machen, wer die Oberhand hatte. Aggression hier war nicht physisch, sondern hochgradig inszeniert, ein soziales Schauspiel der Dominanz, das unter der Oberfl\u00e4che brodelte. Das ist genau das, was Veblen meint, wenn er von der Bewahrung archaischer Merkmale spricht \u2013 alte Muster der T\u00fcchtigkeit, des Kr\u00e4ftemessens und der Demonstration von \u00dcberlegenheit, die auch heute in Wirtschaft und Politik weiterleben.<\/p>\n<p>Doch Aggression ist nicht nur ein Mittel zur Selbstdarstellung, sondern auch tief in der Struktur der Gesellschaft verankert, argumentiert Veblen. Die privilegierte Klasse hat ein Interesse daran, diese Muster zu bewahren, um den Status quo zu sichern. Fortschritt und Wandel dagegen sind oft mit dem Industriearbeiter oder der unteren Schicht verbunden, die produktive Arbeit leisten und daher historisch weniger Zugang zu aggressiven Machtspielen haben. Diese Dynamik lie\u00dfe sich immer wieder beobachten, zum Beispiel in Widerst\u00e4nden gegen soziale Reformen und der Verteidigung von Privilegien.<\/p>\n<p>Martin bl\u00e4tterte weiter und stie\u00df auf die Verbindung von Aggression und Geschlechterrollen. Veblen beschreibt, dass in fr\u00fchen Gesellschaften M\u00e4nner h\u00e4ufig die Rolle der aggressiven K\u00e4mpfer \u00fcbernahmen, w\u00e4hrend Frauen eher produktive Arbeit verrichteten. Diese Aufteilung pr\u00e4gte jahrhundertelang das Bild von T\u00fcchtigkeit und sozialem Rang. Aggression wurde damit auch zum Instrument der Geschlechterdifferenzierung und war eng verkn\u00fcpft mit Prestige und Macht. Dieses Erbe wirke bis in die Gegenwart nach und erkl\u00e4re zum Teil, warum aggressive Verhaltensweisen bei M\u00e4nnern sozial eher akzeptiert und gar erwartet werden.<\/p>\n<p>Auf der Bank neben ihm fiel Martin eine junge Frau mit entschlossenem Blick auf, die in einer hitzigen Debatte mit einer Freundin war \u2013 ihre Worte scharf, der Ton Kampfansage. Er dachte daran, wie Aggression auch auf zwischenmenschlicher Ebene funktioniert \u2013 als Form des sozialen Kr\u00e4ftemessens, nicht selten als Mittel, um pers\u00f6nliche Grenzen auszutesten oder Status im kleineren sozialen Rahmen durchzusetzen. Veblens Theorie macht deutlich, dass solche private Aggression ebenso wie \u00f6ffentliche Machtspiele Teile eines gr\u00f6\u00dferen Musters sind, das tief in der Geschichte verwurzelt ist.<\/p>\n<p>Insgesamt offenbarte sich f\u00fcr Martin, wie allgegenw\u00e4rtig und vielschichtig Aggression in sozialer Hinsicht ist: Sie ist nicht einfach nur eine negative Eigenschaft, sondern ein kulturell gepr\u00e4gtes Instrument, mit dem sozialer Status hergestellt, abgesichert und kommuniziert wird. Veblen entlarvt damit die Idee, dass wirtschaftliches Handeln oder gesellschaftliche Ordnung prim\u00e4r rational oder rein utilitaristisch w\u00e4ren. Stattdessen zeigt sich Aggression als ein elementarer Baustein menschlicher Gesellschaften, der scheinbar moderne Strukturen pr\u00e4gt und zugleich Verbindungen zu archaischen, vormodernen Formen menschlichen Zusammenlebens offenbart.<\/p>\n<p>Als Martin das Buch zugeklappt hatte, stand er auf und blickte noch einmal in den sonnendurchfluteten Park. Der \u00e4ltere Herr mit dem Spazierstock war inzwischen aus seinem Blickfeld verschwunden, doch die Gedanken \u00fcber Aggression und soziale Dynamiken begannen sich in seinem Kopf zu einem klareren Bild zu formen \u2013 ein Bild, das hinter den glatten Fassaden von Status und Reichtum die unsichtbaren, oft unterschwelligen K\u00e4mpfe um Macht und Anerkennung erahnen lie\u00df.<\/p>\n","protected":false},"excerpt":{"rendered":"<p>An einem sonnigen Nachmittag sa\u00df Martin im Park auf einer Holzbank, die Beine l\u00e4ssig \u00fcbergeschlagen, ein Buch in der Hand. Die spielenden Kinder, das leise Rauschen der Bl\u00e4tter, all das schuf eine friedliche Kulisse \u2013 doch seine Gedanken wanderten immer wieder zur\u00fcck zu dem, was er soeben gelesen hatte: Thorstein Veblens Analyse der privilegierten Klasse&hellip;<\/p>\n<p><a class=\"more-link\" href=\"https:\/\/bucheditionen.de\/privilegierte-klasse\/2026\/08\/20\/anekdote-20-08-2026\/\">Read More<\/a><\/p>\n","protected":false},"author":0,"featured_media":143,"comment_status":"closed","ping_status":"","sticky":false,"template":"","format":"standard","meta":{"footnotes":""},"categories":[5],"tags":[35,23,31,16],"class_list":["post-274","post","type-post","status-publish","format-standard","has-post-thumbnail","hentry","category-anekdote","tag-aggression","tag-eigentum","tag-kleidung","tag-macht"],"_links":{"self":[{"href":"https:\/\/bucheditionen.de\/privilegierte-klasse\/wp-json\/wp\/v2\/posts\/274","targetHints":{"allow":["GET"]}}],"collection":[{"href":"https:\/\/bucheditionen.de\/privilegierte-klasse\/wp-json\/wp\/v2\/posts"}],"about":[{"href":"https:\/\/bucheditionen.de\/privilegierte-klasse\/wp-json\/wp\/v2\/types\/post"}],"replies":[{"embeddable":true,"href":"https:\/\/bucheditionen.de\/privilegierte-klasse\/wp-json\/wp\/v2\/comments?post=274"}],"version-history":[{"count":1,"href":"https:\/\/bucheditionen.de\/privilegierte-klasse\/wp-json\/wp\/v2\/posts\/274\/revisions"}],"predecessor-version":[{"id":275,"href":"https:\/\/bucheditionen.de\/privilegierte-klasse\/wp-json\/wp\/v2\/posts\/274\/revisions\/275"}],"wp:featuredmedia":[{"embeddable":true,"href":"https:\/\/bucheditionen.de\/privilegierte-klasse\/wp-json\/wp\/v2\/media\/143"}],"wp:attachment":[{"href":"https:\/\/bucheditionen.de\/privilegierte-klasse\/wp-json\/wp\/v2\/media?parent=274"}],"wp:term":[{"taxonomy":"category","embeddable":true,"href":"https:\/\/bucheditionen.de\/privilegierte-klasse\/wp-json\/wp\/v2\/categories?post=274"},{"taxonomy":"post_tag","embeddable":true,"href":"https:\/\/bucheditionen.de\/privilegierte-klasse\/wp-json\/wp\/v2\/tags?post=274"}],"curies":[{"name":"wp","href":"https:\/\/api.w.org\/{rel}","templated":true}]}}