{"id":272,"date":"2026-08-15T14:35:16","date_gmt":"2026-08-15T12:35:16","guid":{"rendered":"https:\/\/bucheditionen.de\/privilegierte-klasse\/2026\/08\/15\/anekdote-15-08-2026\/"},"modified":"2026-08-15T14:35:17","modified_gmt":"2026-08-15T12:35:17","slug":"anekdote-15-08-2026","status":"publish","type":"post","link":"https:\/\/bucheditionen.de\/privilegierte-klasse\/2026\/08\/15\/anekdote-15-08-2026\/","title":{"rendered":"Kaffee-Klatsch im Caf\u00e9: Wie sich unsere Sicht auf Arbeit und soziale Klassen wandelt!"},"content":{"rendered":"<p>An einem milden Fr\u00fchlingstag sitze ich in einem kleinen Caf\u00e9 in der Innenstadt und beobachte eine Gruppe von Menschen am Nachbartisch. Es sind zwei Paare, beide offensichtlich aus unterschiedlichen sozialen Milieus. W\u00e4hrend die einen \u2013 in schicker, modischer Kleidung \u2013 entspannt ihre teuren Kaffees trinken und angeregt \u00fcber ihre neuesten Investitionen sprechen, wirken die anderen eher routiniert und pragmatisch, mit Arbeitskleidung und einem deutlich n\u00fcchterneren Umgangston. Ausgerechnet das Thema Arbeitsteilung kommt zur Sprache, was mich fasziniert zuh\u00f6re.<\/p>\n<p>Es ist die \u00c4lteste der Gruppe, eine Dame mittleren Alters mit sorgsam gepflegtem Erscheinungsbild, die anspricht, wie sehr sich die Arbeitsteilung in unserer Gesellschaft ver\u00e4ndert hat \u2013 und wie diese Ver\u00e4nderungen l\u00e4ngst nicht nur \u00f6konomische, sondern auch soziale und kulturelle Dimensionen haben. \u201eFr\u00fcher war es klarer\u201c, sagt sie, \u201eda gab es die, die arbeiten, und die, die das Produktive von der Arbeit entbunden waren \u2013 die, die herrschen oder repr\u00e4sentieren.\u201c Ihre Stimme klingt bestimmt, als beschreibe sie eine historische Tatsache, die jedoch auch heute noch in vielen K\u00f6pfen lebt.<\/p>\n<p>Ihr Gespr\u00e4chspartner, ein j\u00fcngerer Mann mit legerem Hemd, widerspricht ein wenig. Er bemerkt, dass die Grenzen heute nicht mehr so starr sind, schlie\u00dflich teile man sich die Arbeit nach Geschlechtern, Berufen und Branchen viel feiner auf. Doch die Frau nickt nur l\u00e4chelnd: \u201eStimmt, aber die Rolle, die dabei zugeschrieben wird, hat sich kaum ver\u00e4ndert. Die sogenannte privilegierte Klasse distanziert sich ganz bewusst von produktiver Arbeit. F\u00fcr sie ist das etwas Niedrigeres, fast schon \u201eunw\u00fcrdig\u201c. Stattdessen misst man sich in Menschen nach Status, und der zeigt sich daran, ob man k\u00f6rperliche Arbeit verrichtet oder eben nicht.\u201c<\/p>\n<p>Ich sehe, wie die Gruppe an diesem Thema kleben bleibt, denn es ber\u00fchrt tief verwurzelte gesellschaftliche Muster. Die Frau erkl\u00e4rt weiter, dass diese Arbeitsteilung nicht nur wirtschaftlich zu verstehen ist, sondern vor allem kulturelle Bedeutungen tr\u00e4gt. In ihren Worten klingt an, dass produktive Arbeit, die \u201eIndustrie\u201c im Sinn von Veblens Begrifflichkeit, als etwas Profanes gilt, w\u00e4hrend T\u00e4tigkeiten, die mit Macht, Prestige oder Symbolik verbunden sind \u2013 etwa Politik, Kunst oder sogar Freizeitgestaltung \u2013, h\u00f6her bewertet werden. Die Trennung zwischen \u201eehrenhafter\u201c und \u201eniederer\u201c Arbeit pr\u00e4gt ein ganzes System sozialer Hierarchien.<\/p>\n<p>In dieser Alltagsszene wird deutlich, wie sehr solche Prinzipien bis heute nachwirken. Selbst im Universum der Gro\u00dfst\u00e4dter, wo die Arbeit theoretisch flexibel sein sollte und der Status vielf\u00e4ltig ausgehandelt wird, setzen Menschen unbewusst auf die alten Codes der Arbeitsteilung, um sich sozial zu verorten. Die privilegierte Klasse inszeniert sich sichtbar \u00fcber ihre Abwesenheit von produktiver T\u00e4tigkeit und ihren auff\u00e4lligen Konsum, so dass jeder au\u00dfenstehende Beobachter deren h\u00f6here soziale Stellung sofort erkennen kann.<\/p>\n<p>Mir f\u00e4llt ein, dass Veblen in seinem Werk genau diese Mechanismen schon vor \u00fcber hundert Jahren beschrieben hat und wie er die Arbeitsteilung als eines der wichtigsten historischen und kulturellen Merkmale der Klassenbildung analysiert. Diese Trennung entsteht fr\u00fchen Gesellschaftsformen zufolge n\u00e4mlich aus der grunds\u00e4tzlichen Differenz zwischen jenen, die k\u00f6rperlich und materiell schaffen, und jenen, die durch Krieg, Religion oder symbolische Macht repr\u00e4sentieren. Das war nicht nur funktional, sondern ein \u00e4sthetisches und soziales Statement: Wer nicht arbeiten musste, demonstrierte damit seine \u00dcberlegenheit. Dieses Muster ist tief verwurzelt und zeigt sich in der modernen Welt oft weniger offen, aber keineswegs verschwunden.<\/p>\n<p>Gerade in der heutigen Zeit, in der Flexibilisierung und Globalisierung die Arbeitswelt neu ordnen, begegnet man paradoxen Ph\u00e4nomenen: Einerseits wird produktive Arbeit vielfach als unterbewertet und wenig prestigetr\u00e4chtig wahrgenommen, andererseits dr\u00e4ngt die Kultur, sich vom \u201eIndustriellen\u201c bewusst zu distanzieren \u2013 ein Luxus, den sich nur eine privilegierte Minderheit leisten kann. In der Arbeitsteilung spiegelt sich somit nicht blo\u00df \u00f6konomische Effizienz oder Spezialisierung wider, sondern auch Macht, Kultur und Identit\u00e4t. Als ich auf die beiden Paare beobachte, bemerke ich, wie klar diese Logik wirkt \u2013 und wie unbewusst jeder einzelne sie mittr\u00e4gt.<\/p>\n<p>Der j\u00fcngere Mann bringt das Gespr\u00e4ch schlie\u00dflich zu einem Ende mit einem Gedanken, der mich nachdenklich macht: \u201eVielleicht ist das gr\u00f6\u00dfte Hindernis nicht die Arbeitsteilung an sich, sondern die kulturelle Bewertung, die wir ihr geben. Wenn wir lernen k\u00f6nnten, produktive T\u00e4tigkeiten genauso zu ehren wie die \u201aehrenhaften\u2018, h\u00e4tten wir vielleicht eine gerechtere Gesellschaft.\u201c Die Damen am Tisch l\u00e4cheln freundlich, wissend, wie fest der soziale Status an solche kulturellen Zuschreibungen gebunden bleibt.<\/p>\n<p>So verlasse ich mit einem neuen Blick auf das scheinbar Allt\u00e4gliche das Caf\u00e9. Ein einfacher Plausch zum Thema Arbeitsteilung hat mir vor Augen gef\u00fchrt, wie tief und vielschichtig soziale Strukturen verwoben sind \u2013 und wie Veblens Beobachtungen aus \u201eDie Theorie der privilegierten Klasse\u201c auch heute noch g\u00fcltige Einsichten \u00fcber unsere gesellschaftliche Wirklichkeit liefern.<\/p>\n","protected":false},"excerpt":{"rendered":"<p>An einem milden Fr\u00fchlingstag sitze ich in einem kleinen Caf\u00e9 in der Innenstadt und beobachte eine Gruppe von Menschen am Nachbartisch. Es sind zwei Paare, beide offensichtlich aus unterschiedlichen sozialen Milieus. W\u00e4hrend die einen \u2013 in schicker, modischer Kleidung \u2013 entspannt ihre teuren Kaffees trinken und angeregt \u00fcber ihre neuesten Investitionen sprechen, wirken die anderen&hellip;<\/p>\n<p><a class=\"more-link\" href=\"https:\/\/bucheditionen.de\/privilegierte-klasse\/2026\/08\/15\/anekdote-15-08-2026\/\">Read More<\/a><\/p>\n","protected":false},"author":0,"featured_media":172,"comment_status":"closed","ping_status":"","sticky":false,"template":"","format":"standard","meta":{"footnotes":""},"categories":[5],"tags":[33,31,14,26,16,13],"class_list":["post-272","post","type-post","status-publish","format-standard","has-post-thumbnail","hentry","category-anekdote","tag-arbeitsteilung","tag-kleidung","tag-krieg","tag-kultur","tag-macht","tag-religion"],"_links":{"self":[{"href":"https:\/\/bucheditionen.de\/privilegierte-klasse\/wp-json\/wp\/v2\/posts\/272","targetHints":{"allow":["GET"]}}],"collection":[{"href":"https:\/\/bucheditionen.de\/privilegierte-klasse\/wp-json\/wp\/v2\/posts"}],"about":[{"href":"https:\/\/bucheditionen.de\/privilegierte-klasse\/wp-json\/wp\/v2\/types\/post"}],"replies":[{"embeddable":true,"href":"https:\/\/bucheditionen.de\/privilegierte-klasse\/wp-json\/wp\/v2\/comments?post=272"}],"version-history":[{"count":1,"href":"https:\/\/bucheditionen.de\/privilegierte-klasse\/wp-json\/wp\/v2\/posts\/272\/revisions"}],"predecessor-version":[{"id":273,"href":"https:\/\/bucheditionen.de\/privilegierte-klasse\/wp-json\/wp\/v2\/posts\/272\/revisions\/273"}],"wp:featuredmedia":[{"embeddable":true,"href":"https:\/\/bucheditionen.de\/privilegierte-klasse\/wp-json\/wp\/v2\/media\/172"}],"wp:attachment":[{"href":"https:\/\/bucheditionen.de\/privilegierte-klasse\/wp-json\/wp\/v2\/media?parent=272"}],"wp:term":[{"taxonomy":"category","embeddable":true,"href":"https:\/\/bucheditionen.de\/privilegierte-klasse\/wp-json\/wp\/v2\/categories?post=272"},{"taxonomy":"post_tag","embeddable":true,"href":"https:\/\/bucheditionen.de\/privilegierte-klasse\/wp-json\/wp\/v2\/tags?post=272"}],"curies":[{"name":"wp","href":"https:\/\/api.w.org\/{rel}","templated":true}]}}