{"id":270,"date":"2026-08-10T22:42:49","date_gmt":"2026-08-10T20:42:49","guid":{"rendered":"https:\/\/bucheditionen.de\/privilegierte-klasse\/2026\/08\/10\/anekdote-10-08-2026\/"},"modified":"2026-08-10T22:42:49","modified_gmt":"2026-08-10T20:42:49","slug":"anekdote-10-08-2026","status":"publish","type":"post","link":"https:\/\/bucheditionen.de\/privilegierte-klasse\/2026\/08\/10\/anekdote-10-08-2026\/","title":{"rendered":"Sonnenbaden auf dem Balkon: Wenn der soziale Druck deinen Kleiderschrank bestimmt!"},"content":{"rendered":"<p>An einem sonnigen Samstagnachmittag sitzt Anna mit einer Tasse Kaffee auf dem Balkon ihrer Wohnung, w\u00e4hrend im Hintergrund das gesch\u00e4ftige Treiben der Stadt pulsiert. Sie beobachtet nachdenklich die vorbeigehenden Passantinnen und Passanten, besonders eine elegante Frau, die mit teurer Designertasche und perfekt gestylter Kleidung zielstrebig ins n\u00e4chste Luxuscaf\u00e9 geht. In diesem Moment wird Anna bewusst, wie sehr der soziale Druck unser Verhalten und Selbstbild pr\u00e4gt, ganz so, wie es Thorstein Veblen in seiner \u201eTheorie der privilegierten Klasse\u201c beschreibt.<\/p>\n<p>Veblens Analyse offenbart, dass das Streben vieler Menschen weit \u00fcber die blo\u00dfe Bed\u00fcrfnisbefriedigung hinausgeht. Vielmehr orientieren sie sich an einem st\u00e4ndigen sozialen Vergleich \u2013 dem, was Veblen als \u201epekuni\u00e4re Emulation\u201c bezeichnet. Es geht also nicht nur darum, Geld zu verdienen oder zu sparen, sondern vor allem darum, sich gegen\u00fcber anderen zu behaupten und gesellschaftliches Ansehen zu gewinnen. Dieses Streben \u00e4u\u00dfert sich nicht nur in einem materiellen Mehrbesitz, sondern auch in sichtbaren Symbolen des Wohlstands wie luxuri\u00f6ser Kleidung, exklusiver Freizeitgestaltung und einer pr\u00e4chtigen Wohnumgebung. Anna denkt daran, wie selbst Freundschaften oder berufliche Kontakte immer wieder davon gepr\u00e4gt sind, wer welchen Status reklamieren kann, und wie schwierig es ist, sich diesem subtilen Druck zu entziehen.<\/p>\n<p>Als Anna an ihr eigenes Spiegelbild denkt, stellt sie fest, wie sehr auch ihr Kleiderschrank von diesem sozialen Muster durchdrungen ist. Veblen weist darauf hin, dass Kleidung heute nicht mehr nur pragmatische Funktion hat. Stattdessen dient sie als Ausdruck des pekuni\u00e4ren Lebensstils. Teure, manchmal unbequeme oder unpraktische Mode signalisiert anderen, dass man sich keine k\u00f6rperlich anstrengende, \u201eniedrige\u201c Arbeit leisten muss \u2013 ein Relikt jener archaischen Vorstellungen, dass \u201ew\u00fcrdevolle\u201c Besch\u00e4ftigungen von privilegierten Klassen ausgef\u00fchrt werden. Diese kulturelle Pr\u00e4gung, so stellt Veblen fest, ist tief in den sozialen Denkgewohnheiten verwurzelt und l\u00e4sst sich kaum losl\u00f6sen.<\/p>\n<p>W\u00e4hrend Anna weiter \u00fcber die Theorie nachdenkt, wird ihr klar, wie sehr auch die Erwartungshaltung an den Lebensstandard ein st\u00e4ndiger Motor f\u00fcr sozialen Druck ist. Nicht nur Einzelpersonen, sondern ganze Familien und Communities passen ihren Konsum und ihre Freizeitgestaltung kontinuierlich an das Vorbild h\u00f6herer sozio\u00f6konomischer Schichten an. Dieses Prinzip des \u201eauff\u00e4lligen Konsums\u201c \u2013 ein weiterer zentraler Begriff bei Veblen \u2013 ist nicht einfach nur Verschwendung, sondern eine bewusste Demonstration von sozialem Status. Luxusg\u00fcter, die oft keinen praktischen Mehrwert bieten, erf\u00fcllen die Funktion, Reichtum \u00f6ffentlich zu zeigen und gesellschaftliche Grenzen zu markieren. So ist das neueste teure Smartphone, das Anna letztens gekauft hat, nicht prim\u00e4r wegen seiner technischen Features attraktiv, sondern wegen seines Signals an die Umwelt.<\/p>\n<p>Diese Muster bewirken, so reflektiert Anna, dass die soziale Ordnung in vielerlei Hinsicht festgeschrieben wird. Menschen, die sich diesen Codes nicht anpassen oder nicht die Mittel besitzen, diese Signale zu senden, sind h\u00e4ufig mit Ausschluss oder geringerem gesellschaftlichen Prestige konfrontiert. Die privilegierte Klasse, deren Entstehung und Dynamik Veblen detailliert beschreibt, profitiert davon, dass sie sich von der \u201eproduktiven\u201c Arbeit absondern kann und sich stattdessen auf repr\u00e4sentative T\u00e4tigkeiten wie Kultur, Politik oder Sport konzentriert. Freizeit wird dadurch nicht verloren, sondern zum Ausdruck von \u00dcberlegenheit \u2013 eine \u201eauff\u00e4llige Freizeit\u201c, die signalisiert, dass die eigene Zeit \u201ewertvoller\u201c ist als die anderer.<\/p>\n<p>Anna erkennt, dass diese sozialen Mechanismen auch tief verankert sind in historischen Entwicklungen. Die Trennung zwischen \u201eehrenhafter\u201c und \u201eniedriger\u201c Arbeit, die Veblen aus barbarenhaften Gesellschaften ableitet, steckt noch immer in vielen mentalen Modellen. Der Glaube daran, dass z. B. politische Macht oder die Kontrolle \u00fcber Eigentum edler sind als die industrielle oder manuelle Arbeit, erscheint ihr in ihrem Alltag in immer wieder neu variierenden Facetten. Sogar Bildung, ein weiteres Statusmerkmal, sieht sie nun mit anderen Augen: Sie dient l\u00e4ngst nicht nur der Wissensvermittlung, sondern vor allem der Abgrenzung von sozialen Gruppen und der Festigung bestehender Klassenstrukturen.<\/p>\n<p>Die Einsicht, wie tief dieser soziale Druck wirkt und wie eng er mit der Idee von Eigentum und Reichtum verbunden ist, macht Anna einerseits nachdenklich, andererseits aber auch irgendwie erleichtert. Verst\u00e4ndlich, dass viele Menschen ihr Verhalten an diesen Mustern ausrichten und sich im eigenen Alltag oft kaum dagegen wehren k\u00f6nnen. Es zeigt sich, wie soziale Ungleichheiten nicht nur durch \u00f6konomische Faktoren entstehen, sondern durch komplexe kulturelle und psychologische Mechanismen, die t\u00e4glich erlebt und reproduziert werden.<\/p>\n<p>Mit einem Seufzer nimmt Anna letzten Schluck aus ihrer Kaffeetasse, schaut erneut auf die elegante Frau, die mittlerweile den Caf\u00e9-Tisch sattelfest in Besitz genommen hat, und denkt: So ganz entziehen kann man sich diesem Spiel um Status und Anerkennung wohl kaum. Und vielleicht ist es gerade dieses Verstehen, das es m\u00f6glich macht, sich selbst ein wenig freier von den Erwartungen zu machen \u2013 oder wenigstens bewusster zu handeln in einer Welt, in der sozialer Druck und die Suche nach Anerkennung tief verwoben sind.<\/p>\n","protected":false},"excerpt":{"rendered":"<p>An einem sonnigen Samstagnachmittag sitzt Anna mit einer Tasse Kaffee auf dem Balkon ihrer Wohnung, w\u00e4hrend im Hintergrund das gesch\u00e4ftige Treiben der Stadt pulsiert. Sie beobachtet nachdenklich die vorbeigehenden Passantinnen und Passanten, besonders eine elegante Frau, die mit teurer Designertasche und perfekt gestylter Kleidung zielstrebig ins n\u00e4chste Luxuscaf\u00e9 geht. In diesem Moment wird Anna bewusst,&hellip;<\/p>\n<p><a class=\"more-link\" href=\"https:\/\/bucheditionen.de\/privilegierte-klasse\/2026\/08\/10\/anekdote-10-08-2026\/\">Read More<\/a><\/p>\n","protected":false},"author":0,"featured_media":146,"comment_status":"closed","ping_status":"","sticky":false,"template":"","format":"standard","meta":{"footnotes":""},"categories":[5],"tags":[10,23,31,26,16,6,34,12],"class_list":["post-270","post","type-post","status-publish","format-standard","has-post-thumbnail","hentry","category-anekdote","tag-bildung","tag-eigentum","tag-kleidung","tag-kultur","tag-macht","tag-pekuniaere-emulation","tag-sozialer-druck","tag-vergleich"],"_links":{"self":[{"href":"https:\/\/bucheditionen.de\/privilegierte-klasse\/wp-json\/wp\/v2\/posts\/270","targetHints":{"allow":["GET"]}}],"collection":[{"href":"https:\/\/bucheditionen.de\/privilegierte-klasse\/wp-json\/wp\/v2\/posts"}],"about":[{"href":"https:\/\/bucheditionen.de\/privilegierte-klasse\/wp-json\/wp\/v2\/types\/post"}],"replies":[{"embeddable":true,"href":"https:\/\/bucheditionen.de\/privilegierte-klasse\/wp-json\/wp\/v2\/comments?post=270"}],"version-history":[{"count":1,"href":"https:\/\/bucheditionen.de\/privilegierte-klasse\/wp-json\/wp\/v2\/posts\/270\/revisions"}],"predecessor-version":[{"id":271,"href":"https:\/\/bucheditionen.de\/privilegierte-klasse\/wp-json\/wp\/v2\/posts\/270\/revisions\/271"}],"wp:featuredmedia":[{"embeddable":true,"href":"https:\/\/bucheditionen.de\/privilegierte-klasse\/wp-json\/wp\/v2\/media\/146"}],"wp:attachment":[{"href":"https:\/\/bucheditionen.de\/privilegierte-klasse\/wp-json\/wp\/v2\/media?parent=270"}],"wp:term":[{"taxonomy":"category","embeddable":true,"href":"https:\/\/bucheditionen.de\/privilegierte-klasse\/wp-json\/wp\/v2\/categories?post=270"},{"taxonomy":"post_tag","embeddable":true,"href":"https:\/\/bucheditionen.de\/privilegierte-klasse\/wp-json\/wp\/v2\/tags?post=270"}],"curies":[{"name":"wp","href":"https:\/\/api.w.org\/{rel}","templated":true}]}}