{"id":268,"date":"2026-08-09T10:17:49","date_gmt":"2026-08-09T08:17:49","guid":{"rendered":"https:\/\/bucheditionen.de\/privilegierte-klasse\/2026\/08\/09\/denkanstoss-09-08-2026\/"},"modified":"2026-08-09T10:17:50","modified_gmt":"2026-08-09T08:17:50","slug":"denkanstoss-09-08-2026","status":"publish","type":"post","link":"https:\/\/bucheditionen.de\/privilegierte-klasse\/2026\/08\/09\/denkanstoss-09-08-2026\/","title":{"rendered":"Veblens Blick auf Arbeitsteilung: Wie wir durch Jobs soziale Hierarchien und Statussymbole kreieren!"},"content":{"rendered":"<p>Die Arbeitsteilung ist ein zentrales Thema, das Thorstein Veblen in seinem Werk \u201eDie Theorie der privilegierten Klasse\u201c eindringlich analysiert und hinterfragt. Sie bildet aus seiner Sicht nicht nur eine wirtschaftliche Notwendigkeit, sondern auch eine kulturelle und soziale Grundlage, die tiefgreifende Auswirkungen auf die Entstehung und Aufrechterhaltung sozialer Hierarchien hat. Schon in fr\u00fchgeschichtlichen Gesellschaften f\u00fchrt die Differenzierung der T\u00e4tigkeiten zwischen verschiedenen Gruppen zu einem Spannungsverh\u00e4ltnis, das weniger durch \u00f6konomische Effizienz als durch symbolische Bewertungen gepr\u00e4gt ist. Veblen zeigt, wie die Trennung zwischen produktiver Arbeit und sogenannten \u201eehrenhaften\u201c T\u00e4tigkeiten wesentlich zur Herausbildung einer privilegierten Klasse beitr\u00e4gt, die sich bewusst von der \u201eniederen\u201c Schicht abgrenzt.<\/p>\n<p>Besonders markant ist dabei f\u00fcr Veblen die geschlechtliche Arbeitsteilung: In archaischen Gesellschaften \u00fcbernehmen Frauen oft die produktive, industrielle Arbeit, w\u00e4hrend M\u00e4nner sich auf T\u00e4tigkeiten konzentrieren, die mit Macht, Krieg und Prestige verbunden sind. Diese Dualit\u00e4t spiegelt sich nicht nur in der konkreten Arbeit wider, sondern vor allem in der kulturellen Bewertung der T\u00e4tigkeiten. Produktive Arbeit erscheint dabei als minderwertig und entw\u00fcrdigend, w\u00e4hrend Aktivit\u00e4ten, die mit St\u00e4rke, Herrschaft oder sogar Ausbeutung assoziiert sind, als ehrenhaft gelten. Somit wird die Arbeitsteilung zum Mechanismus, der nicht nur wirtschaftlich organisiert, sondern auch soziale Rangordnungen erzeugt und legitimiert.<\/p>\n<p>Die Konsequenzen dieser kulturell kodierten Arbeitsteilung sind weitreichend. Die privilegierte Klasse definiert ihre Stellung wesentlich \u00fcber die Abwesenheit von produktiver Arbeit \u2013 die \u201eauff\u00e4llige Freizeit\u201c, wie Veblen es nennt, ist ein sichtbares Zeichen von Wohlstand und gesellschaftlicher \u00dcberlegenheit. Arbeit wird so auf eine moralische Ebene gehoben, in der Nichtarbeit nicht als Mangel, sondern als Statussymbol gilt. Diese Umkehrung der Wertsch\u00e4tzung hat bis in die heutige Zeit Bestand und pr\u00e4gt das Verst\u00e4ndnis dessen, was gesellschaftlich als \u201ew\u00fcrdig\u201c oder \u201eunw\u00fcrdig\u201c gilt. Die Arbeitsteilung dient demnach nicht nur der effizienten Verteilung von Aufgaben, sondern als kulturelles Mittel zur Abgrenzung und sozialen Kontrolle.<\/p>\n<p>Zugleich ist die Arbeitsteilung eng mit der Entwicklung von Privateigentum verkn\u00fcpft. Veblen beschreibt, wie Besitz urspr\u00fcnglich durch kriegerische Aneignung entsteht und als sichtbares Zeichen f\u00fcr Macht und \u00dcberlegenheit gilt. Dieses Eigentum wird zunehmend zum zentralen Indikator sozialen Status und ist damit ein Kernbaustein der sozialen Differenzierung. Die Trennung zwischen Eigent\u00fcmern und Arbeitskr\u00e4ften wird durch die Arbeitsteilung verst\u00e4rkt, da die privilegierte Klasse durch ihre Befreiung von produktiver T\u00e4tigkeit ihren Besitz und Einfluss demonstrieren kann. Diese Dynamik ist grundlegend f\u00fcr das Ph\u00e4nomen der \u201epekuni\u00e4ren Emulation\u201c, also den sozialen Wettstreit um Reichtum und Status, der Veblens Analyse zugrunde liegt.<\/p>\n<p>Interessanterweise zeigt Veblen auch, dass diese Muster der Arbeitsteilung und Statusdifferenzierung nicht nur in archaischen Gesellschaften zu finden sind, sondern sich in ver\u00e4nderter Form bis in moderne Industriegesellschaften \u00fcbertragen haben. Auch heute noch existieren gesellschaftliche Normen und Werturteile, die bestimmte T\u00e4tigkeiten \u2013 h\u00e4ufig solche, die mit k\u00f6rperlicher Arbeit oder niedrigen Einkommen verbunden sind \u2013 abwerten, w\u00e4hrend andere Berufe oder soziale Rollen mit Prestige aufgeladen werden. Diese Fortdauer archaischer Muster erkl\u00e4rt Veblen durch die tief verwurzelte kulturelle Logik, die Arbeitsteilung als Symbolsystem nutzt, um soziale Grenzen zu markieren und Machtverh\u00e4ltnisse zu stabilisieren.<\/p>\n<p>Dar\u00fcber hinaus wirkt die Arbeitsteilung bei Veblen als Mechanismus zur Festigung konservativer gesellschaftlicher Strukturen. Die privilegierte Klasse, die von dieser sozialen Ordnung profitiert, zeigt wenig Interesse an grundlegenden Ver\u00e4nderungen, da sie ihren Status durch die bestehende Trennung von Arbeit und Freizeit sowie durch Kontrolle \u00fcber Eigentum sichert. Progressiver Wandel geht daher h\u00e4ufig von anderen gesellschaftlichen Gruppen aus, die durch die Arbeitsteilung und soziale Schichtung benachteiligt sind und deren produktive T\u00e4tigkeit oft unsichtbar oder untersch\u00e4tzt bleibt.<\/p>\n<p>Zusammenfassend verdeutlicht Veblens Reflexion zur Arbeitsteilung, dass sie weit mehr ist als eine reine organisations\u00f6konomische Notwendigkeit. Sie ist ein kulturelles und soziales Ph\u00e4nomen, das in seiner urspr\u00fcnglichen Form eine privilegierte Elite begr\u00fcndet und ihre Stellung auf Kosten der Mehrheit sichert. Diese Arbeitsteilung erzeugt symbolische Bedeutungen, die Leistung, Wert und W\u00fcrde von Menschen an ihren T\u00e4tigkeiten messen und so soziale Ungleichheiten reproduzieren. Ein kritisches Bewusstsein f\u00fcr diese Wirkmechanismen ist notwendig, um die tiefer liegenden Ursachen sozialer Differenzierung zu verstehen und die damit verbundenen Machtverh\u00e4ltnisse zu hinterfragen. Veblens Analyse er\u00f6ffnet damit nicht nur einen Einblick in historische Gesellschaftsmodelle, sondern regt auch zu einer kritischen Betrachtung moderner Arbeits- und Sozialstrukturen an, in denen die Trennung zwischen produktiver Arbeit und \u201eehrenhafter\u201c T\u00e4tigkeit noch immer wirkt und gesellschaftliche Identit\u00e4ten pr\u00e4gt.<\/p>\n","protected":false},"excerpt":{"rendered":"<p>Die Arbeitsteilung ist ein zentrales Thema, das Thorstein Veblen in seinem Werk \u201eDie Theorie der privilegierten Klasse\u201c eindringlich analysiert und hinterfragt. Sie bildet aus seiner Sicht nicht nur eine wirtschaftliche Notwendigkeit, sondern auch eine kulturelle und soziale Grundlage, die tiefgreifende Auswirkungen auf die Entstehung und Aufrechterhaltung sozialer Hierarchien hat. Schon in fr\u00fchgeschichtlichen Gesellschaften f\u00fchrt die&hellip;<\/p>\n<p><a class=\"more-link\" href=\"https:\/\/bucheditionen.de\/privilegierte-klasse\/2026\/08\/09\/denkanstoss-09-08-2026\/\">Read More<\/a><\/p>\n","protected":false},"author":0,"featured_media":47,"comment_status":"closed","ping_status":"","sticky":false,"template":"","format":"standard","meta":{"footnotes":""},"categories":[9],"tags":[33,23,14,16,19,32],"class_list":["post-268","post","type-post","status-publish","format-standard","has-post-thumbnail","hentry","category-denkanstoss","tag-arbeitsteilung","tag-eigentum","tag-krieg","tag-macht","tag-privateigentum","tag-statussymbol"],"_links":{"self":[{"href":"https:\/\/bucheditionen.de\/privilegierte-klasse\/wp-json\/wp\/v2\/posts\/268","targetHints":{"allow":["GET"]}}],"collection":[{"href":"https:\/\/bucheditionen.de\/privilegierte-klasse\/wp-json\/wp\/v2\/posts"}],"about":[{"href":"https:\/\/bucheditionen.de\/privilegierte-klasse\/wp-json\/wp\/v2\/types\/post"}],"replies":[{"embeddable":true,"href":"https:\/\/bucheditionen.de\/privilegierte-klasse\/wp-json\/wp\/v2\/comments?post=268"}],"version-history":[{"count":1,"href":"https:\/\/bucheditionen.de\/privilegierte-klasse\/wp-json\/wp\/v2\/posts\/268\/revisions"}],"predecessor-version":[{"id":269,"href":"https:\/\/bucheditionen.de\/privilegierte-klasse\/wp-json\/wp\/v2\/posts\/268\/revisions\/269"}],"wp:featuredmedia":[{"embeddable":true,"href":"https:\/\/bucheditionen.de\/privilegierte-klasse\/wp-json\/wp\/v2\/media\/47"}],"wp:attachment":[{"href":"https:\/\/bucheditionen.de\/privilegierte-klasse\/wp-json\/wp\/v2\/media?parent=268"}],"wp:term":[{"taxonomy":"category","embeddable":true,"href":"https:\/\/bucheditionen.de\/privilegierte-klasse\/wp-json\/wp\/v2\/categories?post=268"},{"taxonomy":"post_tag","embeddable":true,"href":"https:\/\/bucheditionen.de\/privilegierte-klasse\/wp-json\/wp\/v2\/tags?post=268"}],"curies":[{"name":"wp","href":"https:\/\/api.w.org\/{rel}","templated":true}]}}