{"id":266,"date":"2026-08-05T14:56:18","date_gmt":"2026-08-05T12:56:18","guid":{"rendered":"https:\/\/bucheditionen.de\/privilegierte-klasse\/2026\/08\/05\/anekdote-05-08-2026\/"},"modified":"2026-08-05T14:56:20","modified_gmt":"2026-08-05T12:56:20","slug":"anekdote-05-08-2026","status":"publish","type":"post","link":"https:\/\/bucheditionen.de\/privilegierte-klasse\/2026\/08\/05\/anekdote-05-08-2026\/","title":{"rendered":"Anna lernt auf dem Balkon: Machtspiele im Alltag \u2013 wie Hierarchien unsere Gespr\u00e4che und Entscheidungen pr\u00e4gen!"},"content":{"rendered":"<p>An einem sonnigen Samstagnachmittag sitzt Anna mit einer guten Tasse Tee auf dem Balkon ihrer neuen Wohnung in der Stadt. Sie hat gerade ein Buch \u00fcber Gesellschaftstheorien angefangen, in dem die Entstehung sozialer Hierarchien und der Einfluss von Macht thematisiert werden. W\u00e4hrend sie die Seiten durchbl\u00e4ttert, erinnert sie sich an eine Situation aus ihrem Berufsfeld, die ihr lebendig vor Augen f\u00fchrt, wie Macht in allt\u00e4glichen Begegnungen eine unsichtbare, aber m\u00e4chtige Rolle spielt.<\/p>\n<p>Vor einigen Wochen musste Anna in einem gro\u00dfen Unternehmen eine Pr\u00e4sentation vor der Gesch\u00e4ftsleitung halten. Bereits beim Betreten des Konferenzraums fiel ihr auf, wie die Sitzordnung die Machtverh\u00e4ltnisse deutlich machte: Der Vorstandsvorsitzende nahm die zentrale Position am Kopf des Tisches ein, alle Abteilungsleiter waren um ihn herum aufgestellt. Anna selbst sa\u00df am Ende der Tafel, weit entfernt vom Zentrum, fast so, als geh\u00f6re sie nicht wirklich dazu. W\u00e4hrend der Pr\u00e4sentation sp\u00fcrte sie die feinen Machtspiele. Kleine Gesten, Blicke und Untert\u00f6ne in der Sprache verrieten, wer das Sagen hatte und wer nur geduldet wurde.<\/p>\n<p>Die Macht der Hierarchie war nicht nur in der F\u00fchrungsebene sp\u00fcrbar, sondern auch in der Art, wie Entscheidungen kommuniziert und umgesetzt wurden. Die h\u00f6heren R\u00e4nge zeigten sich selbstbewusst und bestimmt, w\u00e4hrend die unteren Ebenen eher vorsichtig und zur\u00fcckhaltend agierten. Auf dem Weg zur\u00fcck zu ihrem Schreibtisch dachte Anna daran, wie diese unsichtbaren Machtstrukturen das Verhalten jedes Einzelnen pr\u00e4gen \u2013 wie Menschen Positionen annehmen, Rollen ausf\u00fcllen oder auch hinterfragen.<\/p>\n<p>Dieses allt\u00e4gliche Beispiel \u00f6ffnet ihr die Augen daf\u00fcr, dass Macht keine abstrakte, fernliegende Gr\u00f6\u00dfe ist, sondern im Kleinen wirkt und unseren Alltag durchdringt. Ob in Unternehmen, im Freundeskreis oder in politischen Diskussionen \u2013 Macht manifestiert sich in Dialogen, Blicken und Verhaltensmustern und beeinflusst, wer geh\u00f6rt wird und wer nicht.<\/p>\n<p>Es sind oft diese kleinen Momente, in denen sich soziale Macht zeigt: Der Kollege, der die Rede \u00fcbernimmt, weil er sich selbst als kompetenter einsch\u00e4tzt; die Chefin, die mit ihrer Position Entscheidungen durchsetzt; oder das stille Schweigen in einer Besprechung, wenn sich niemand traut, eine abweichende Meinung zu \u00e4u\u00dfern. Macht ist kein Zustand, sondern ein dynamisches Gef\u00fcge, das sich st\u00e4ndig neu aushandelt.<\/p>\n<p>Anna versteht durch ihre Lekt\u00fcre und ihre Erfahrungen, dass Macht oft mit Privilegien verbunden ist \u2013 sei es durch soziale Klasse, berufliche Stellung oder andere Hierarchien. Die Theorie erkl\u00e4rt, wie solche Machtstrukturen entstehen, wie sie erhalten bleiben und welche Rolle dabei kulturelle Normen und Erwartungen spielen. Sie ahnt, dass es mehr braucht als individuelle Leistung, um in solchen Systemen aufzusteigen \u2013 oft sind es unsichtbare Regelwerke und Machtdemonstrationen, die bestimmen, wer ganz oben steht.<\/p>\n<p>W\u00e4hrend die Sonne langsam untergeht, f\u00fchlt sich Anna best\u00e4rkt darin, genauer hinzuschauen und die kleinen Verschiebungen in Machtverh\u00e4ltnissen bewusst wahrzunehmen. Denn nur wer die feinen Mechanismen von Macht versteht, kann lernen, sie zu hinterfragen und sich selbst in diesem Geflecht zu positionieren \u2013 sei es als Beobachter, Mitgestalter oder kritischer Dialogpartner. In der kleinen Alltagsszene mit dem Konferenztisch, den Blicken und der Sitzordnung erkennt sich das gro\u00dfe Thema der Macht in unserer Gesellschaft wieder \u2013 lehrreich, komplex und allgegenw\u00e4rtig.<\/p>\n","protected":false},"excerpt":{"rendered":"<p>An einem sonnigen Samstagnachmittag sitzt Anna mit einer guten Tasse Tee auf dem Balkon ihrer neuen Wohnung in der Stadt. Sie hat gerade ein Buch \u00fcber Gesellschaftstheorien angefangen, in dem die Entstehung sozialer Hierarchien und der Einfluss von Macht thematisiert werden. W\u00e4hrend sie die Seiten durchbl\u00e4ttert, erinnert sie sich an eine Situation aus ihrem Berufsfeld,&hellip;<\/p>\n<p><a class=\"more-link\" href=\"https:\/\/bucheditionen.de\/privilegierte-klasse\/2026\/08\/05\/anekdote-05-08-2026\/\">Read More<\/a><\/p>\n","protected":false},"author":0,"featured_media":71,"comment_status":"closed","ping_status":"","sticky":false,"template":"","format":"standard","meta":{"footnotes":""},"categories":[5],"tags":[16],"class_list":["post-266","post","type-post","status-publish","format-standard","has-post-thumbnail","hentry","category-anekdote","tag-macht"],"_links":{"self":[{"href":"https:\/\/bucheditionen.de\/privilegierte-klasse\/wp-json\/wp\/v2\/posts\/266","targetHints":{"allow":["GET"]}}],"collection":[{"href":"https:\/\/bucheditionen.de\/privilegierte-klasse\/wp-json\/wp\/v2\/posts"}],"about":[{"href":"https:\/\/bucheditionen.de\/privilegierte-klasse\/wp-json\/wp\/v2\/types\/post"}],"replies":[{"embeddable":true,"href":"https:\/\/bucheditionen.de\/privilegierte-klasse\/wp-json\/wp\/v2\/comments?post=266"}],"version-history":[{"count":1,"href":"https:\/\/bucheditionen.de\/privilegierte-klasse\/wp-json\/wp\/v2\/posts\/266\/revisions"}],"predecessor-version":[{"id":267,"href":"https:\/\/bucheditionen.de\/privilegierte-klasse\/wp-json\/wp\/v2\/posts\/266\/revisions\/267"}],"wp:featuredmedia":[{"embeddable":true,"href":"https:\/\/bucheditionen.de\/privilegierte-klasse\/wp-json\/wp\/v2\/media\/71"}],"wp:attachment":[{"href":"https:\/\/bucheditionen.de\/privilegierte-klasse\/wp-json\/wp\/v2\/media?parent=266"}],"wp:term":[{"taxonomy":"category","embeddable":true,"href":"https:\/\/bucheditionen.de\/privilegierte-klasse\/wp-json\/wp\/v2\/categories?post=266"},{"taxonomy":"post_tag","embeddable":true,"href":"https:\/\/bucheditionen.de\/privilegierte-klasse\/wp-json\/wp\/v2\/tags?post=266"}],"curies":[{"name":"wp","href":"https:\/\/api.w.org\/{rel}","templated":true}]}}