{"id":258,"date":"2026-07-26T10:23:37","date_gmt":"2026-07-26T08:23:37","guid":{"rendered":"https:\/\/bucheditionen.de\/privilegierte-klasse\/2026\/07\/26\/anekdote-26-07-2026\/"},"modified":"2026-07-26T10:23:38","modified_gmt":"2026-07-26T08:23:38","slug":"anekdote-26-07-2026","status":"publish","type":"post","link":"https:\/\/bucheditionen.de\/privilegierte-klasse\/2026\/07\/26\/anekdote-26-07-2026\/","title":{"rendered":"\u201eKleidung als Statussymbol: Wie Mode Geschichten von Reichtum und sozialer Zugeh\u00f6rigkeit erz\u00e4hlt!\u201c"},"content":{"rendered":"<p>An einem sonnigen Fr\u00fchlingstag schlenderte Anna durch die belebte Innenstadt, als ihr Blick pl\u00f6tzlich auf eine elegant gekleidete Frau fiel, die mit entschlossenen Schritten an ihr vorbeiging. Die Frau trug ein auffallend teures Kost\u00fcm, dessen glatte Stoffe und makellose Verarbeitung sofort ins Auge stachen, ebenso wie die filigranen Schmuckst\u00fccke, die im Sonnenlicht funkelten. Anna wunderte sich, wie es dieser Kleidung gelang, sofort eine Geschichte zu erz\u00e4hlen \u2013 von Wohlstand, Freiheit von ernster Arbeit und gesellschaftlichem Status. So, dachte sie, war die Kleidung schon immer ein vielschichtiges soziales Signal gewesen, viel mehr als blo\u00df funktionaler Schutz vor Wind und Wetter.<\/p>\n<p>Diese Begebenheit erinnerte Anna an die Theorie von Thorstein Veblen, der in seinem Werk \u201eDie Theorie der privilegierten Klasse\u201c genau diese Rolle der Kleidung als Ausdruck pekuni\u00e4rer Kultur analysiert hatte. Veblen erl\u00e4uterte, dass Kleidung besonders sichtbar macht, ob eine Person von produktiver Arbeit freigestellt ist \u2013 ein Zeichen der Zugeh\u00f6rigkeit zur privilegierten Klasse. Solche Kleidung ist oft unpraktisch und teuer, so dass sie f\u00fcr einfache, handwerkliche oder industrielle Arbeit v\u00f6llig ungeeignet w\u00e4re. Gerade diese Unpraktikabilit\u00e4t ist laut Veblen ein Teil des Codes: Wer sich modisch gekleidet zeigt, demonstriert nicht nur Reichtum, sondern auch, dass er oder sie es sich leisten kann, keine \u201eniedere\u201c Arbeit zu verrichten.<\/p>\n<p>Anna erinnerte sich, wie Veblen beschrieb, dass Kleidung nicht einfach ein individuelles Ausdrucksmittel sei, sondern kulturell gepr\u00e4gte \u201efinanzielle Geschmacksregeln\u201c reflektiert. Was als \u201eguter Geschmack\u201c gilt, wird von den gesellschaftlichen Eliten definiert. Diese \u00e4sthetischen Normen st\u00e4rken soziale Grenzen und signalisieren Zugeh\u00f6rigkeit. So sind etwa kurzlebige Modetrends Mittel zur sozialen Differenzierung, die zugleich den Wettbewerb um Status innerhalb und zwischen Klassen anheizen. Besonders auff\u00e4llig ist, dass diese Kleidung oftmals weder bequem noch praktisch ist: Korsetts, aufw\u00e4ndige Stoffe, \u00fcberm\u00e4\u00dfiger Schmuck oder ma\u00dfgeschneiderte Anz\u00fcge signalisieren, dass die Tr\u00e4ger sich nicht mit hartem, produktivem Alltag herumschlagen m\u00fcssen.<\/p>\n<p>Diese Beobachtung bringt Veblen mit einer tieferen sozialen Logik in Verbindung. Kleidung ist ein sichtbarer Beweis f\u00fcr den \u201eafferentuischen Lebensstil\u201c der privilegierten Klasse, das hei\u00dft, einem Lebensstil, der auf auff\u00e4lligem Konsum und demonstrativer Genusssucht basiert. Dieser Konsum dient weniger einem praktischen Zweck, als vielmehr der \u00f6ffentlichen Selbstdarstellung und der sozialen Abgrenzung. Die Kleidung wird so zum Kommunikationsmittel: Sie sendet unmissverst\u00e4ndlich die Botschaft von Status, Macht und wirtschaftlicher Unabh\u00e4ngigkeit.<\/p>\n<p>Anna dachte auch daran, wie Veblen darauf hinwies, dass hinter dieser ganzen Dynamik eine archaische Tradition stecke. Schon in \u201ebarbarischen\u201c Gesellschaften diente die Kleidung als Zeichen von Rang und \u00dcberlegenheit. M\u00e4nner in kriegerischer oder religi\u00f6ser Funktion trugen besondere Kleidungsst\u00fccke, die sie von einfachen Arbeitern abgrenzten. Dieses kulturelle Erbe lebt bis heute fort, wenn manche Kleidungsst\u00fccke nicht nur modisch, sondern regelrecht zu Statussymbolen erhoben werden. So schl\u00e4gt die Traditionslinie von Kriegskost\u00fcmen zu Gesch\u00e4ftsanz\u00fcgen und Designerroben eine Br\u00fccke \u00fcber Jahrhunderte sozialer Hierarchien.<\/p>\n<p>Dabei zeigte Veblen auch die konservative Funktion der Kleidung innerhalb der Gesellschaft auf. Die obere Klasse nutzt Mode und Kleidungsnormen dazu, bestehende Privilegien zu bewahren. Indem sie exklusive Kleidung zur Norm macht, setzt sie gesellschaftliche Barrieren, die f\u00fcr die unteren Schichten schwer zu \u00fcberwinden sind. Bildung, Einkommen und sozialer Status bleiben so eng verkn\u00fcpft mit der F\u00e4higkeit, sich bestimmte Kleidungsstandards leisten zu k\u00f6nnen oder ihnen gerecht zu werden.<\/p>\n<p>Anna erkannte, wie diese Theorie erkl\u00e4rt, warum Menschen oftmals bereit sind, unverh\u00e4ltnism\u00e4\u00dfig viel Geld f\u00fcr Kleidung auszugeben, deren praktischer Nutzen minimal ist. Es ist ein Investment in soziale Anerkennung und Zugeh\u00f6rigkeit zur privilegierten Klasse. Wer teure Kleidung tr\u00e4gt, zeigt zugleich seine Freiheit von produktiver Arbeit und somit seine soziale \u00dcberlegenheit. Diese symbolische Funktion ist in vielen Gesellschaften tief verankert und allgegenw\u00e4rtig, von den Stra\u00dfen der Gro\u00dfst\u00e4dte bis zu den Salons der M\u00e4chtigen.<\/p>\n<p>So verband Anna all diese Gedanken mit der blauen Jacke der Frau, die nun in der Menge verschwunden war. Das Kleidungsst\u00fcck war mehr als nur Stoff \u2013 es war ein Zeichen einer langen Geschichte, eine Sprache der sozialen Distinktion, die laut Veblen ein zentraler Bestandteil gesellschaftlicher Hierarchien ist. Kleidung als Ausdruck pekuni\u00e4rer Kultur offenbart, wie sehr materielles Aussehen und gesellschaftlicher Status miteinander verflochten sind und wie Kleidung auch heute noch aktiv bei der Reproduktion sozialer Machtstrukturen mitwirkt.<\/p>\n","protected":false},"excerpt":{"rendered":"<p>An einem sonnigen Fr\u00fchlingstag schlenderte Anna durch die belebte Innenstadt, als ihr Blick pl\u00f6tzlich auf eine elegant gekleidete Frau fiel, die mit entschlossenen Schritten an ihr vorbeiging. Die Frau trug ein auffallend teures Kost\u00fcm, dessen glatte Stoffe und makellose Verarbeitung sofort ins Auge stachen, ebenso wie die filigranen Schmuckst\u00fccke, die im Sonnenlicht funkelten. Anna wunderte&hellip;<\/p>\n<p><a class=\"more-link\" href=\"https:\/\/bucheditionen.de\/privilegierte-klasse\/2026\/07\/26\/anekdote-26-07-2026\/\">Read More<\/a><\/p>\n","protected":false},"author":0,"featured_media":165,"comment_status":"closed","ping_status":"","sticky":false,"template":"","format":"standard","meta":{"footnotes":""},"categories":[5],"tags":[10,31,26,16],"class_list":["post-258","post","type-post","status-publish","format-standard","has-post-thumbnail","hentry","category-anekdote","tag-bildung","tag-kleidung","tag-kultur","tag-macht"],"_links":{"self":[{"href":"https:\/\/bucheditionen.de\/privilegierte-klasse\/wp-json\/wp\/v2\/posts\/258","targetHints":{"allow":["GET"]}}],"collection":[{"href":"https:\/\/bucheditionen.de\/privilegierte-klasse\/wp-json\/wp\/v2\/posts"}],"about":[{"href":"https:\/\/bucheditionen.de\/privilegierte-klasse\/wp-json\/wp\/v2\/types\/post"}],"replies":[{"embeddable":true,"href":"https:\/\/bucheditionen.de\/privilegierte-klasse\/wp-json\/wp\/v2\/comments?post=258"}],"version-history":[{"count":1,"href":"https:\/\/bucheditionen.de\/privilegierte-klasse\/wp-json\/wp\/v2\/posts\/258\/revisions"}],"predecessor-version":[{"id":259,"href":"https:\/\/bucheditionen.de\/privilegierte-klasse\/wp-json\/wp\/v2\/posts\/258\/revisions\/259"}],"wp:featuredmedia":[{"embeddable":true,"href":"https:\/\/bucheditionen.de\/privilegierte-klasse\/wp-json\/wp\/v2\/media\/165"}],"wp:attachment":[{"href":"https:\/\/bucheditionen.de\/privilegierte-klasse\/wp-json\/wp\/v2\/media?parent=258"}],"wp:term":[{"taxonomy":"category","embeddable":true,"href":"https:\/\/bucheditionen.de\/privilegierte-klasse\/wp-json\/wp\/v2\/categories?post=258"},{"taxonomy":"post_tag","embeddable":true,"href":"https:\/\/bucheditionen.de\/privilegierte-klasse\/wp-json\/wp\/v2\/tags?post=258"}],"curies":[{"name":"wp","href":"https:\/\/api.w.org\/{rel}","templated":true}]}}