{"id":256,"date":"2026-07-21T10:59:03","date_gmt":"2026-07-21T08:59:03","guid":{"rendered":"https:\/\/bucheditionen.de\/privilegierte-klasse\/2026\/07\/21\/anekdote-21-07-2026\/"},"modified":"2026-07-21T10:59:04","modified_gmt":"2026-07-21T08:59:04","slug":"anekdote-21-07-2026","status":"publish","type":"post","link":"https:\/\/bucheditionen.de\/privilegierte-klasse\/2026\/07\/21\/anekdote-21-07-2026\/","title":{"rendered":"Von Veblen bis zur Wissensgesellschaft: Wie kulturelle Privilegien den Zugang zur Elite definieren!"},"content":{"rendered":"<p>Es war ein milder Samstagvormittag in der kleinen Innenstadtbibliothek, als Clara sich auf die Suche nach einem Buch zum Thema <strong>Wissensgesellschaft<\/strong> machte. Sie hatte k\u00fcrzlich einen Artikel gelesen, dass wir heute in einer Gesellschaft leben, in der Wissen und Information zentrale Ressourcen sind \u2013 viel relevanter als fr\u00fcher materieller Besitz oder reine Produktionsarbeit. W\u00e4hrend sie durch die Regale schlenderte, fiel ihr das Buch \u201eDie Theorie der privilegierten Klasse\u201c von Thorstein Veblen in die H\u00e4nde, dessen Titel eher auf klassische Klassenanalysen schlie\u00dfen lie\u00df \u2013 doch Clara war neugierig, wie dieses fr\u00fche Werk, das \u00fcber hundert Jahre alt war, den Begriff von sozialer Hierarchie erkl\u00e4ren konnte und ob es einen Bezug zu ihrer Vorstellung von Wissen als sozialem Kapital gab.<\/p>\n<p>Sie setzte sich an einen kleinen Holztisch, schlug das Buch auf und begann zu lesen. Veblen beschrieb darin, wie sich Privilegien nicht nur durch Besitz, sondern vor allem \u00fcber kulturelle Muster manifestieren \u2013 \u00fcber die Art und Weise, wie Menschen arbeiten, konsumieren und sich selbst inszenieren. Besonders interessant fand Clara, wie Veblen darlegte, dass die herrschende Klasse sich durch ihre \u201eauff\u00e4llige Freizeit\u201c und \u201eauff\u00e4lligen Konsum\u201c vom Rest der Gesellschaft abhebt \u2013 nicht nur materiell, sondern auch kulturell. \u201eGar nicht so anders als heute\u201c, dachte sie, \u201ewenn man etwa an teure Bildung oder exklusive Netzwerke denkt, die in vielen Wissensgesellschaften als Statussymbol gelten.\u201c<\/p>\n<p>Im Weiterbl\u00e4ttern wurde klar, dass Veblen auch eine historische Perspektive bot. Fr\u00fcher bedeutete gesellschaftliche \u00dcberlegenheit vor allem, von k\u00f6rperlicher Arbeit befreit zu sein und Macht durch Krieg oder politische \u00c4mter zu besitzen. Doch in modernen Gesellschaften, so Veblen, zeigen sich diese Muster in neuen Formen: Leistungs- und Bildungsunterschiede, kulturelle Praktiken und vor allem der Zugang zu Wissen und h\u00f6heren Bildungseinrichtungen werden zu Mitteln sozialer Abgrenzung.<\/p>\n<p>Claras Gedanken schweiften zu ihrem eigenen Studium. Sie hatte immer das Gef\u00fchl, dass der Erwerb von Wissen \u00fcber das pure Lernen hinaus vor allem auch darin diente, sich zu positionieren, Teil bestimmter Kreise zu werden und gesellschaftliche Anerkennung zu erlangen. Das erkl\u00e4rte vieles: Warum der Druck, immer nach mehr Zertifikaten zu streben, warum die Betonung auf Eliteuniversit\u00e4ten liegt und warum bestimmte Kenntnisse als \u201ew\u00fcrdig\u201c gelten, w\u00e4hrend andere F\u00e4higkeiten kaum beachtet werden.<\/p>\n<p>Fasziniert von diesen Verbindungen begann Clara, Veblens Argumentation tiefer zu durchdenken. Die Wissensgesellschaft \u2013 weit entfernt von einer egalit\u00e4ren Utopie \u2013 reproduziert soziale Ungleichheiten durch kulturelle und symbolische Mittel. Wissen wird selbst zu einer Art Eigentum, das Zugang zu Macht und Privilegien erm\u00f6glicht, \u00e4hnlich wie das Privateigentum in fr\u00fcheren Gesellschaften. So wie Veblen einst die Bedeutung von \u201epekuni\u00e4rer Emulation\u201c beschrieb \u2013 den gesellschaftlichen Wettbewerb um Reichtum als Statussymbol \u2013, dr\u00e4ngte sich das Bild heute im Wettbewerb um intellektuelles Kapital auf.<\/p>\n<p>Clara erinnerte sich an eine Situation aus ihrer eigenen Studienzeit: Der Austausch in exklusiven Fachgesellschaften, bei denen es nicht nur um das Weitergeben von Fakten ging, sondern auch ums Zeigen von Zugeh\u00f6rigkeit und Prestige. Wer die neuesten Theorien kannte, wer an den richtigen Diskursen teilnahm, best\u00e4tigte nicht nur sein Wissen, sondern auch seinen gesellschaftlichen Rang. Sie verstand nun besser, warum Bildung als ein zentrales Statussymbol fungiert und wie tief diese Struktur in der Gesellschaft verankert ist.<\/p>\n<p>Wieder aus dem Buch blickend, stellte Clara fest, dass die Kritik Veblens an der vermeintlich rationalen und bed\u00fcrfnisorientierten Marktlogik auch heute noch aktuell ist. Menschen streben nicht nur aus praktischen Gr\u00fcnden nach Wissen oder h\u00f6herer Bildung, sondern oft vor allem, um sich sichtbar von anderen abzuheben, um \u201eauff\u00e4lligen kulturellen Konsum\u201c zu betreiben. Der Besitz von Wissen wird zur Ware, investiert in Prestige und gesellschaftliches Ansehen.<\/p>\n<p>Der Bibliothekar neben ihr r\u00e4usperte sich leise, als er das Buch abholte, und fragte: \u201eInteressieren Sie sich auch f\u00fcr die sozialen Mechanismen hinter dem, was wir Bildung und Wissen nennen?\u201c Clara l\u00e4chelte und nickte. \u201eGerade habe ich erst verstanden, wie sehr unser ganzes System auf diesen Spielregeln beruht.\u201c<\/p>\n<p>Vielleicht, so dachte sie, sind wir heute zwar keine privilegierte Klasse im klassischen Sinn mehr, doch die Muster, wie sich Privilegien durch kulturelle Abgrenzung und symbolischen Kapitalbesitz erhalten, haben in der Wissensgesellschaft neue Gesichter bekommen. Veblens Theorie bietet daf\u00fcr einen \u00fcberraschend treffenden Schl\u00fcssel \u2013 ein Fenster in die Dynamiken, die hinter der Fassade von Information und Bildung lauern. In diesem Moment wurde Clara bewusst, wie lebendig und relevant dieses \u00fcber hundert Jahre alte Werk auch f\u00fcr das Verst\u00e4ndnis unserer modernen Welt ist.<\/p>\n","protected":false},"excerpt":{"rendered":"<p>Es war ein milder Samstagvormittag in der kleinen Innenstadtbibliothek, als Clara sich auf die Suche nach einem Buch zum Thema Wissensgesellschaft machte. Sie hatte k\u00fcrzlich einen Artikel gelesen, dass wir heute in einer Gesellschaft leben, in der Wissen und Information zentrale Ressourcen sind \u2013 viel relevanter als fr\u00fcher materieller Besitz oder reine Produktionsarbeit. W\u00e4hrend sie&hellip;<\/p>\n<p><a class=\"more-link\" href=\"https:\/\/bucheditionen.de\/privilegierte-klasse\/2026\/07\/21\/anekdote-21-07-2026\/\">Read More<\/a><\/p>\n","protected":false},"author":0,"featured_media":68,"comment_status":"closed","ping_status":"","sticky":false,"template":"","format":"standard","meta":{"footnotes":""},"categories":[5],"tags":[10,23,14,16,19,27],"class_list":["post-256","post","type-post","status-publish","format-standard","has-post-thumbnail","hentry","category-anekdote","tag-bildung","tag-eigentum","tag-krieg","tag-macht","tag-privateigentum","tag-wissensgesellschaft"],"_links":{"self":[{"href":"https:\/\/bucheditionen.de\/privilegierte-klasse\/wp-json\/wp\/v2\/posts\/256","targetHints":{"allow":["GET"]}}],"collection":[{"href":"https:\/\/bucheditionen.de\/privilegierte-klasse\/wp-json\/wp\/v2\/posts"}],"about":[{"href":"https:\/\/bucheditionen.de\/privilegierte-klasse\/wp-json\/wp\/v2\/types\/post"}],"replies":[{"embeddable":true,"href":"https:\/\/bucheditionen.de\/privilegierte-klasse\/wp-json\/wp\/v2\/comments?post=256"}],"version-history":[{"count":1,"href":"https:\/\/bucheditionen.de\/privilegierte-klasse\/wp-json\/wp\/v2\/posts\/256\/revisions"}],"predecessor-version":[{"id":257,"href":"https:\/\/bucheditionen.de\/privilegierte-klasse\/wp-json\/wp\/v2\/posts\/256\/revisions\/257"}],"wp:featuredmedia":[{"embeddable":true,"href":"https:\/\/bucheditionen.de\/privilegierte-klasse\/wp-json\/wp\/v2\/media\/68"}],"wp:attachment":[{"href":"https:\/\/bucheditionen.de\/privilegierte-klasse\/wp-json\/wp\/v2\/media?parent=256"}],"wp:term":[{"taxonomy":"category","embeddable":true,"href":"https:\/\/bucheditionen.de\/privilegierte-klasse\/wp-json\/wp\/v2\/categories?post=256"},{"taxonomy":"post_tag","embeddable":true,"href":"https:\/\/bucheditionen.de\/privilegierte-klasse\/wp-json\/wp\/v2\/tags?post=256"}],"curies":[{"name":"wp","href":"https:\/\/api.w.org\/{rel}","templated":true}]}}