{"id":254,"date":"2026-07-18T10:18:13","date_gmt":"2026-07-18T08:18:13","guid":{"rendered":"https:\/\/bucheditionen.de\/privilegierte-klasse\/2026\/07\/18\/denkanstoss-18-07-2026\/"},"modified":"2026-07-18T10:18:15","modified_gmt":"2026-07-18T08:18:15","slug":"denkanstoss-18-07-2026","status":"publish","type":"post","link":"https:\/\/bucheditionen.de\/privilegierte-klasse\/2026\/07\/18\/denkanstoss-18-07-2026\/","title":{"rendered":"Reichtum oder Respekt? Wie Privilegien und Besitz unser Denken und unsere Gesellschaft pr\u00e4gen!"},"content":{"rendered":"<p>Privilegien, Besitz und gesellschaftliche Schranken \u2013 diese Begriffe sind tief in der menschlichen Geschichte verwurzelt und begleiten uns bis in die Gegenwart hinein. Thorstein Veblens Werk \u201eDie Theorie der privilegierten Klasse\u201c f\u00fchrt uns auf eine Reise durch die historischen und kulturellen Schichten, die die soziale Ungleichheit formen und erhalten. Beim Nachdenken \u00fcber das Ph\u00e4nomen der privilegierten Klasse offenbart sich eine faszinierende Mischung aus \u00f6konomischen, psychologischen und kulturellen Dynamiken, die weit mehr aussagt als blo\u00dfe Arm-Reich-Diskussionen.<\/p>\n<p>Der Gedanke, dass bestimmte T\u00e4tigkeiten in einer Gesellschaft h\u00f6her bewertet werden als andere, zeigt, wie sehr unsere Vorstellungen von Wert und W\u00fcrde kulturell gepr\u00e4gt sind. Veblen beschreibt, wie die Unterscheidung zwischen produktiver Arbeit und sogenannten \u201eehrenhaften\u201c T\u00e4tigkeiten \u2013 Krieg, Religion, Politik \u2013 nicht nur eine praktische Rollenverteilung war, sondern eine gesellschaftliche Bewertung zahlreicher Lebensbereiche festlegte. Das Bild des privilegierten Mannes, der keiner Arbeit nachgeht, sondern stattdessen Macht, Ehre und Prestige ausstrahlt, zieht sich wie ein roter Faden durch archaische Gesellschaften bis hin zu modernen Eliten. Dabei wird Arbeit nicht in ihrem Nutzen, sondern in ihrer vermeintlichen Wertigkeit bewertet. Diese Sichtweise ist tiefgreifend und wirft die Frage auf, wie sehr unser eigenes Denken \u00fcber Arbeit und Leistung heute noch von solchen Stereotypen gepr\u00e4gt ist.<\/p>\n<p>Die Rolle des Privateigentums ist dabei besonders aufschlussreich. Was einst als Troph\u00e4e aus kriegerischen Auseinandersetzungen begann, entwickelte sich zu einem machtvollen sozialen Instrument. Besitz wird dadurch nicht nur zu einem Mittel zur Bed\u00fcrfnisbefriedigung, sondern zum Symbol des \u00dcbergeordnetseins, zur W\u00e4hrung gesellschaftlicher Anerkennung. Dieses \u201epekuni\u00e4re\u201c Streben zeigt, dass Reichtum und Konsum weniger funktionale, sondern vor allem soziale Bedeutungen tragen. Menschen anh\u00e4ufen Besitz, nicht um wirklich alle materiellen W\u00fcnsche zu stillen, sondern um sich von anderen abzuheben und sich als gesellschaftlich wichtig zu markieren.<\/p>\n<p>Besonders eindrucksvoll ist die Idee der \u201eauff\u00e4lligen Freizeit\u201c und des \u201eauff\u00e4lligen Konsums\u201c. Die Privilegierten zeigen ihre \u00dcberlegenheit gerade dadurch, dass sie sich von produktiver Arbeit fernhalten und oft luxuri\u00f6se Dinge kaufen, die keinen praktischen Nutzen erf\u00fcllen, sondern vor allem als Statussymbole fungieren. Es ist ein paradoxer Vorgang: Indem man weniger \u201en\u00fctzlich\u201c erscheint, demonstriert man den eigenen Wohlstand und die eigene Macht. Dieses Verhalten fordert zum Reflektieren \u00fcber unsere modernen Konsumgewohnheiten heraus. Wie oft folgen auch wir diesen Mustern \u2013 ob bewusst oder unbewusst \u2013 wenn wir Marken tragen, exklusive Dienstleistungen nutzen oder Freizeit auf eine Weise gestalten, die weniger mit Erholung als mit Demonstration von Status zu tun hat?<\/p>\n<p>Veblens Theorie l\u00e4dt dazu ein, kritisch zu hinterfragen, wie tief diese Mechanismen in der Gesellschaft verankert sind. Der permanente Wettbewerb um Ansehen und sozialer Status erzeugt soziale Spannungen und Ungleichheiten, die nicht allein durch objektive wirtschaftliche Faktoren erkl\u00e4rbar sind. Anstatt eines rein rationalen, nutzenorientierten Wirtschaftens handeln Menschen h\u00e4ufig entlang symbolischer und sozialer Regeln, was die Komplexit\u00e4t unserer wirtschaftlichen und sozialen Verh\u00e4ltnisse unterstreicht. Es wird klar, wie Kultur, Psychologie und \u00d6konomie miteinander verwoben sind, um ein Geflecht aus Macht, Prestige und sozialer Differenz zu schaffen.<\/p>\n<p>Erstaunlich ist zudem, wie viele archaische Muster trotz technologischer Fortschritte und gesellschaftlicher Modernisierung fortbestehen. Vorstellungen von T\u00fcchtigkeit, St\u00e4rke, Dominanz und gar Gl\u00fcck spielen weiterhin eine Rolle darin, wie wir Erfolg und Wert messen. Dabei hat sich zwar die B\u00fchne ver\u00e4ndert, doch die Spielregeln folgen erstaunlich oft alten Traditionen von Herrschaft und Abgrenzung. Dies zeigt, dass soziale Ungleichheit kein unab\u00e4nderliches Naturgesetz ist, sondern das Ergebnis historischer Prozesse und kultureller Konditionierungen, die sich tief in unser Denken eingraben.<\/p>\n<p>In der Betrachtung dieser Zusammenh\u00e4nge wird deutlich, dass die privilegierte Klasse nicht nur ein soziales Ph\u00e4nomen, sondern auch ein kulturelles Konstrukt ist. Status und Reichtum sind nicht nur wirtschaftliche Gr\u00f6\u00dfen, sondern folgen bestimmten kulturellen Codes, die sich in Kleidung, Bildung und Lebensstil manifestieren. So wird verdeutlicht, dass soziale Hierarchien auch \u00fcber \u00e4sthetische und symbolische Dimensionen aufrechterhalten werden. Dies wirft die Frage auf, wie wir heute mit diesen Codes umgehen, ob wir sie hinterfragen oder selbst weitertragen \u2013 bewusst oder unbewusst.<\/p>\n<p>Die Reflexion \u00fcber Veblens \u201eTheorie der privilegierten Klasse\u201c er\u00f6ffnet somit ein komplexes Bild sozialer Ungleichheit, das weit \u00fcber materielle Aspekte hinausgeht. Es fordert uns heraus, genauer hinzuschauen, welche Rollen Tradition und Kultur in der Gestaltung sozialer R\u00e4ume spielen und wie wir selbst innerhalb dieser Strukturen positioniert sind. Dabei wird die Erkenntnis greifbar, dass Wirtschaft nicht nur eine Frage von Angebot und Nachfrage ist, sondern auch von symbolischer Macht, sozialer Anerkennung und kulturellen Vorstellungen. Unsere Gesellschaft ist demnach nicht nur durch wirtschaftliche Prozesse strukturiert, sondern auch durch ein tief verwurzeltes Bed\u00fcrfnis nach sozialer Differenzierung, das sich immer wieder in neuen Formen zeigt.<\/p>\n","protected":false},"excerpt":{"rendered":"<p>Privilegien, Besitz und gesellschaftliche Schranken \u2013 diese Begriffe sind tief in der menschlichen Geschichte verwurzelt und begleiten uns bis in die Gegenwart hinein. Thorstein Veblens Werk \u201eDie Theorie der privilegierten Klasse\u201c f\u00fchrt uns auf eine Reise durch die historischen und kulturellen Schichten, die die soziale Ungleichheit formen und erhalten. Beim Nachdenken \u00fcber das Ph\u00e4nomen der&hellip;<\/p>\n<p><a class=\"more-link\" href=\"https:\/\/bucheditionen.de\/privilegierte-klasse\/2026\/07\/18\/denkanstoss-18-07-2026\/\">Read More<\/a><\/p>\n","protected":false},"author":0,"featured_media":119,"comment_status":"closed","ping_status":"","sticky":false,"template":"","format":"standard","meta":{"footnotes":""},"categories":[9],"tags":[11,10,14,26,16,13,30],"class_list":["post-254","post","type-post","status-publish","format-standard","has-post-thumbnail","hentry","category-denkanstoss","tag-beduerfnis","tag-bildung","tag-krieg","tag-kultur","tag-macht","tag-religion","tag-ungleichheit"],"_links":{"self":[{"href":"https:\/\/bucheditionen.de\/privilegierte-klasse\/wp-json\/wp\/v2\/posts\/254","targetHints":{"allow":["GET"]}}],"collection":[{"href":"https:\/\/bucheditionen.de\/privilegierte-klasse\/wp-json\/wp\/v2\/posts"}],"about":[{"href":"https:\/\/bucheditionen.de\/privilegierte-klasse\/wp-json\/wp\/v2\/types\/post"}],"replies":[{"embeddable":true,"href":"https:\/\/bucheditionen.de\/privilegierte-klasse\/wp-json\/wp\/v2\/comments?post=254"}],"version-history":[{"count":1,"href":"https:\/\/bucheditionen.de\/privilegierte-klasse\/wp-json\/wp\/v2\/posts\/254\/revisions"}],"predecessor-version":[{"id":255,"href":"https:\/\/bucheditionen.de\/privilegierte-klasse\/wp-json\/wp\/v2\/posts\/254\/revisions\/255"}],"wp:featuredmedia":[{"embeddable":true,"href":"https:\/\/bucheditionen.de\/privilegierte-klasse\/wp-json\/wp\/v2\/media\/119"}],"wp:attachment":[{"href":"https:\/\/bucheditionen.de\/privilegierte-klasse\/wp-json\/wp\/v2\/media?parent=254"}],"wp:term":[{"taxonomy":"category","embeddable":true,"href":"https:\/\/bucheditionen.de\/privilegierte-klasse\/wp-json\/wp\/v2\/categories?post=254"},{"taxonomy":"post_tag","embeddable":true,"href":"https:\/\/bucheditionen.de\/privilegierte-klasse\/wp-json\/wp\/v2\/tags?post=254"}],"curies":[{"name":"wp","href":"https:\/\/api.w.org\/{rel}","templated":true}]}}